{"id":4806,"date":"2012-04-10T18:13:08","date_gmt":"2012-04-10T21:13:08","guid":{"rendered":"https:\/\/clickcarangola.com.br\/site\/?p=4806"},"modified":"2012-04-11T09:54:26","modified_gmt":"2012-04-11T12:54:26","slug":"taxistas-pedem-mais-seguranca-para-atuar-em-carangola","status":"publish","type":"post","link":"https:\/\/clickcarangola.com.br\/site\/10\/04\/2012\/taxistas-pedem-mais-seguranca-para-atuar-em-carangola\/","title":{"rendered":"Taxistas pedem mais seguran\u00e7a para atuar em Carangola"},"content":{"rendered":"<p style=\"text-align: justify;\"><span style=\"color: #888888;\"><img loading=\"lazy\" decoding=\"async\" class=\"alignleft\" src=\"https:\/\/silvanalves.com.br\/site\/wp-content\/uploads\/2012\/04\/TAXISTA1_283x399.jpg\" alt=\"\" width=\"148\" height=\"210\" \/>Taxistas indignados com o assassinato de Laureano Pereira Neto de 61 anos e com o aumento da viol\u00eancia na cidade de Carangola,\u00a0 pretendem realizar uma manifesta\u00e7\u00e3o para que as autoridades possam tomar as atitudes necess\u00e1rias.<\/span><\/p>\n<p style=\"text-align: justify;\"><span style=\"color: #888888;\">O grupo reclama da falta de seguran\u00e7a n\u00e3o s\u00f3 na cidade, mas em toda a regi\u00e3o. \u201cSa\u00edmos para trabalhar e n\u00e3o sabemos se voltamos. As nossas Leis se preocupam muito em punir as pessoas corretas e trabalhadoras que \u00e9 mais f\u00e1cil localizar, mas um matador \u00e0s vezes n\u00e3o cumpri pena e quando \u00e9 solto volta a cometer atrocidades como esta&#8221;, afirma um taxista.<!--more--><\/span><\/p>\n<p style=\"text-align: justify;\"><strong><span style=\"color: #888888;\">ENTENDA O CASO:<\/span><\/strong><\/p>\n<p style=\"text-align: justify;\"><strong><span style=\"color: #888888;\"><img loading=\"lazy\" decoding=\"async\" src=\"https:\/\/silvanalves.com.br\/site\/wp-content\/uploads\/2012\/04\/pm-vai-004_532x399.jpg\" alt=\"\" width=\"300\" height=\"226\" \/><\/span><\/strong><\/p>\n<p style=\"text-align: justify;\"><span style=\"color: #888888;\">O taxista foi encontrado morto na\u00a0manh\u00e3 desta ter\u00e7a-feira\u00a0(10) no distrito de Concei\u00e7\u00e3o, zona rural de Carangola. O corpo de\u00a0Laureano Pereira Neto foi localizado por populares em uma estrada vicinal. A v\u00edtima foi morta a facadas.<\/span><\/p>\n<div>\n<div>\n<p style=\"text-align: justify;\"><span style=\"color: #888888;\">&#8220;Queremos justi\u00e7a, que este caso seja investigado com afinco para por este indiv\u00edduo atr\u00e1s das grades. N\u00e3o podemos acreditar que as Leis n\u00e3o sirvam para o nosso bem.&#8221; Informou um representante da Associa\u00e7\u00e3o.<\/span><\/p>\n<p style=\"text-align: justify;\"><strong><span style=\"color: #888888;\">Por: Click Carangola<\/span><\/strong><\/p>\n<\/div>\n<\/div>\n","protected":false},"excerpt":{"rendered":"<p>Taxistas indignados com o assassinato de Laureano Pereira Neto de 61 anos e com o aumento da viol\u00eancia na cidade de Carangola,\u00a0 pretendem realizar uma manifesta\u00e7\u00e3o para que as autoridades possam tomar as atitudes necess\u00e1rias. O grupo reclama da falta de seguran\u00e7a n\u00e3o s\u00f3 na cidade, mas em toda a regi\u00e3o. \u201cSa\u00edmos para trabalhar e [&hellip;]<\/p>\n","protected":false},"author":2,"featured_media":0,"comment_status":"open","ping_status":"open","sticky":false,"template":"","format":"standard","meta":{"footnotes":""},"categories":[37],"tags":[],"class_list":["post-4806","post","type-post","status-publish","format-standard","hentry","category-carangola-mg"],"_links":{"self":[{"href":"https:\/\/clickcarangola.com.br\/site\/wp-json\/wp\/v2\/posts\/4806","targetHints":{"allow":["GET"]}}],"collection":[{"href":"https:\/\/clickcarangola.com.br\/site\/wp-json\/wp\/v2\/posts"}],"about":[{"href":"https:\/\/clickcarangola.com.br\/site\/wp-json\/wp\/v2\/types\/post"}],"author":[{"embeddable":true,"href":"https:\/\/clickcarangola.com.br\/site\/wp-json\/wp\/v2\/users\/2"}],"replies":[{"embeddable":true,"href":"https:\/\/clickcarangola.com.br\/site\/wp-json\/wp\/v2\/comments?post=4806"}],"version-history":[{"count":8,"href":"https:\/\/clickcarangola.com.br\/site\/wp-json\/wp\/v2\/posts\/4806\/revisions"}],"predecessor-version":[{"id":4808,"href":"https:\/\/clickcarangola.com.br\/site\/wp-json\/wp\/v2\/posts\/4806\/revisions\/4808"}],"wp:attachment":[{"href":"https:\/\/clickcarangola.com.br\/site\/wp-json\/wp\/v2\/media?parent=4806"}],"wp:term":[{"taxonomy":"category","embeddable":true,"href":"https:\/\/clickcarangola.com.br\/site\/wp-json\/wp\/v2\/categories?post=4806"},{"taxonomy":"post_tag","embeddable":true,"href":"https:\/\/clickcarangola.com.br\/site\/wp-json\/wp\/v2\/tags?post=4806"}],"curies":[{"name":"wp","href":"https:\/\/api.w.org\/{rel}","templated":true}]}}