{"id":4880,"date":"2012-04-16T07:00:16","date_gmt":"2012-04-16T10:00:16","guid":{"rendered":"https:\/\/clickcarangola.com.br\/site\/?p=4880"},"modified":"2012-04-16T13:09:15","modified_gmt":"2012-04-16T16:09:15","slug":"ministra-assina-doacao-de-area-para-a-construcao-de-casas-populares-em-carangola","status":"publish","type":"post","link":"https:\/\/clickcarangola.com.br\/site\/16\/04\/2012\/ministra-assina-doacao-de-area-para-a-construcao-de-casas-populares-em-carangola\/","title":{"rendered":"Ministra assina doa\u00e7\u00e3o de \u00e1rea para a constru\u00e7\u00e3o de casas populares em Carangola"},"content":{"rendered":"<p style=\"text-align: justify;\"><span style=\"color: #888888;\"><img loading=\"lazy\" decoding=\"async\" class=\"alignleft\" style=\"border: 0px;\" src=\"https:\/\/1.bp.blogspot.com\/-6Yk70aB0CXo\/T4oiPRQWtvI\/AAAAAAAABGg\/2tkn_CB90dM\/s320\/P%C3%A1g+1+foto+4.jpg\" border=\"0\" alt=\"\" width=\"300\" height=\"226\" \/>O Prefeito Municipal de Carangola, Patrick Drumond, foi convocado a ir a Bras\u00edlia na semana passada para a assinatura da doa\u00e7\u00e3o de 27 mil metros quadrados de terra do Governo Federal para a Prefeitura Municipal.<\/span><\/p>\n<p style=\"text-align: justify;\"><span style=\"color: #888888;\">Em Bras\u00edlia, Patrick assinou o documento juntamente com a Ministra Mirian Belchior, que, em nome do Governo Federal, atrav\u00e9s do Minist\u00e9rio de Planejamento, Or\u00e7amento e Gest\u00e3o, doava a referida \u00e1rea com a finalidade da constru\u00e7\u00e3o de 33 casas para as fam\u00edlias afetadas pelos desastres ambientais dos bairros Panorama e Santa Maria, sendo que, no caso dos afetados do Bairro Panorama, a &#8220;novela&#8221; j\u00e1 se arrasta h\u00e1 7 anos, enquanto que no caso do\u00a0Santa Maria\u00a0o desastre aconteceu em 2011.<!--more--><\/span><\/p>\n<p style=\"text-align: justify;\"><span style=\"color: #888888;\"><img loading=\"lazy\" decoding=\"async\" class=\"alignleft\" src=\"https:\/\/1.bp.blogspot.com\/-Oh677vEk5rA\/T4oijg3S1gI\/AAAAAAAABGo\/p43UdE9BzCI\/s320\/P%C3%A1g+3+foto+17.jpg\" border=\"0\" alt=\"\" width=\"300\" height=\"226\" \/>A \u00e1rea doada foi, durante muito tempo, utilizada pela Acobatri e para que o Governo Federal a doasse para a Prefeitura foi necess\u00e1rio que o Prefeito Patrick Drumond, logo que assumiu a Prefeitura, constitu\u00edsse, atrav\u00e9s de sua Assessoria, o Fundo Habitacional de Interesse Social e fizesse um projeto com levantamento t\u00e9cnico e assistencial dos beneficiados, tendo tal projeto sido aprovado pelo Minist\u00e9rio das Cidades.<\/span><\/p>\n<p style=\"text-align: justify;\"><span style=\"color: #888888;\">Al\u00e9m das 33 casas a \u00e1rea tamb\u00e9m ter\u00e1 Pra\u00e7a de Lazer, Centro de Atendimento Social e diversas outras edifica\u00e7\u00f5es para beneficiar a popula\u00e7\u00e3o.<\/span><\/p>\n<p style=\"text-align: justify;\"><span style=\"color: #888888;\">A constru\u00e7\u00e3o das 33 casas no bairro que receber\u00e1 o nome de Bairro Vit\u00f3ria, s\u00f3 ser\u00e1 poss\u00edvel porque o Governo Municipal entrar\u00e1 com uma contrapartida de R$ 700 mil, dinheiro este que sair\u00e1 do Projeto SOMMA.<\/span><\/p>\n<p style=\"text-align: justify;\"><span style=\"color: #888888;\">Em Bras\u00edlia, o Prefeito Patrick Drumond foi convidado a fazer uso da palavra em nome de Carangola e dos outros Munic\u00edpios beneficiados com doa\u00e7\u00f5es do Governo Federal. Na ocasi\u00e3o, o Prefeito lembrou que aquele era um de seus compromissos desde a primeira hora de seu mandato e lamentou que a dor dos moradores do bairro Panorama estivesse se arrastando por tanto tempo por falta de sensibilidade pol\u00edtica de seus antecessores e arrematou, &#8220;\u00e9 preciso que o homem p\u00fablico se coloque no lugar do outro para compreender a dor do outro&#8221;. Com informa\u00e7\u00f5es: Folha da Mata.<\/span><\/p>\n<p style=\"text-align: justify;\"><strong><span style=\"color: #888888;\">Por: Click Carangola<\/span><\/strong><\/p>\n","protected":false},"excerpt":{"rendered":"<p>O Prefeito Municipal de Carangola, Patrick Drumond, foi convocado a ir a Bras\u00edlia na semana passada para a assinatura da doa\u00e7\u00e3o de 27 mil metros quadrados de terra do Governo Federal para a Prefeitura Municipal. Em Bras\u00edlia, Patrick assinou o documento juntamente com a Ministra Mirian Belchior, que, em nome do Governo Federal, atrav\u00e9s do [&hellip;]<\/p>\n","protected":false},"author":2,"featured_media":0,"comment_status":"open","ping_status":"open","sticky":false,"template":"","format":"standard","meta":{"footnotes":""},"categories":[37],"tags":[],"class_list":["post-4880","post","type-post","status-publish","format-standard","hentry","category-carangola-mg"],"_links":{"self":[{"href":"https:\/\/clickcarangola.com.br\/site\/wp-json\/wp\/v2\/posts\/4880","targetHints":{"allow":["GET"]}}],"collection":[{"href":"https:\/\/clickcarangola.com.br\/site\/wp-json\/wp\/v2\/posts"}],"about":[{"href":"https:\/\/clickcarangola.com.br\/site\/wp-json\/wp\/v2\/types\/post"}],"author":[{"embeddable":true,"href":"https:\/\/clickcarangola.com.br\/site\/wp-json\/wp\/v2\/users\/2"}],"replies":[{"embeddable":true,"href":"https:\/\/clickcarangola.com.br\/site\/wp-json\/wp\/v2\/comments?post=4880"}],"version-history":[{"count":6,"href":"https:\/\/clickcarangola.com.br\/site\/wp-json\/wp\/v2\/posts\/4880\/revisions"}],"predecessor-version":[{"id":4894,"href":"https:\/\/clickcarangola.com.br\/site\/wp-json\/wp\/v2\/posts\/4880\/revisions\/4894"}],"wp:attachment":[{"href":"https:\/\/clickcarangola.com.br\/site\/wp-json\/wp\/v2\/media?parent=4880"}],"wp:term":[{"taxonomy":"category","embeddable":true,"href":"https:\/\/clickcarangola.com.br\/site\/wp-json\/wp\/v2\/categories?post=4880"},{"taxonomy":"post_tag","embeddable":true,"href":"https:\/\/clickcarangola.com.br\/site\/wp-json\/wp\/v2\/tags?post=4880"}],"curies":[{"name":"wp","href":"https:\/\/api.w.org\/{rel}","templated":true}]}}