{"id":48879,"date":"2023-09-14T08:00:14","date_gmt":"2023-09-14T11:00:14","guid":{"rendered":"https:\/\/clickcarangola.com.br\/site\/?p=48879"},"modified":"2023-09-14T11:21:38","modified_gmt":"2023-09-14T14:21:38","slug":"marcio-braga-de-87-anos-ex-presidente-do-flamengo-se-envolve-em-acidente-na-br-116","status":"publish","type":"post","link":"https:\/\/clickcarangola.com.br\/site\/14\/09\/2023\/marcio-braga-de-87-anos-ex-presidente-do-flamengo-se-envolve-em-acidente-na-br-116\/","title":{"rendered":"M\u00e1rcio Braga, de 87 anos, ex-presidente do Flamengo se envolve em acidente na BR-116"},"content":{"rendered":"<p><img loading=\"lazy\" decoding=\"async\" class=\"alignleft\" src=\"https:\/\/clickcarangola.com.br\/site\/wp-content\/uploads\/2023\/09\/Ex-presidente-do-Flamengo-01.jpg\" alt=\"\" width=\"300\" height=\"226\" \/>FERVEDOURO &#8211; M\u00e1rcio Braga, de 87 anos, ex-presidente do Flamengo, se envolveu em um grave acidente, na BR-116, entre Fervedouro e Divino, na noite desta quarta-feira (13).<\/p>\n<p>Segundo informa\u00e7\u00f5es, M\u00e1rcio Braga (87), conduzia seu ve\u00edculo, quando se chocou contra um mini trator, que acessava a rodovia pelo acostamento. O condutor do mini trator \u00e9 um morador da comunidade de S\u00e3o Roque, em Fervedouro.<!--more--><\/p>\n<p>No ve\u00edculo, estavam o ex-presidente do Flamengo, a esposa e outra ocupante, que vinham do Rio de Janeiro-RJ para a cidade de Divino-MG, visitar familiares.<\/p>\n<p>O condutor do mini trator foi arremessado a cerca de 10 metros \u00e0 beira do asfalto (para o pasto). O tratorista foi socorrido pela equipe da EcoRioMinas e levado ao hospital, consciente, mas se queixando de dores na perna, felizmente, n\u00e3o teve nenhum ferimento grave.<\/p>\n<p>M\u00e1rcio Braga e as passageiras do autom\u00f3vel, al\u00e9m do susto, se queixavam de dores leves pelo choque, mas dispensaram atendimento m\u00e9dico.<\/p>\n<p><strong>Confira as imagens:<\/strong><\/p>\n<p><img loading=\"lazy\" decoding=\"async\" src=\"https:\/\/clickcarangola.com.br\/site\/wp-content\/uploads\/2023\/09\/Ex-presidente-do-Flamengo-01.jpg\" alt=\"\" width=\"400\" height=\"300\" \/><br \/>\n<img loading=\"lazy\" decoding=\"async\" src=\"https:\/\/clickcarangola.com.br\/site\/wp-content\/uploads\/2023\/09\/Ex-presidente-do-Flamengo-02.jpg\" alt=\"\" width=\"400\" height=\"300\" \/><br \/>\n<img loading=\"lazy\" decoding=\"async\" src=\"https:\/\/clickcarangola.com.br\/site\/wp-content\/uploads\/2023\/09\/Ex-presidente-do-Flamengo-03.jpg\" alt=\"\" width=\"400\" height=\"300\" \/><\/p>\n<p><strong>Por: Click Carangola<\/strong> | Com informa\u00e7\u00f5es Paulo Roberto e R\u00e1dio Muria\u00e9.<\/p>\n","protected":false},"excerpt":{"rendered":"<p>FERVEDOURO &#8211; M\u00e1rcio Braga, de 87 anos, ex-presidente do Flamengo, se envolveu em um grave acidente, na BR-116, entre Fervedouro e Divino, na noite desta quarta-feira (13). Segundo informa\u00e7\u00f5es, M\u00e1rcio Braga (87), conduzia seu ve\u00edculo, quando se chocou contra um mini trator, que acessava a rodovia pelo acostamento. O condutor do mini trator \u00e9 um [&hellip;]<\/p>\n","protected":false},"author":2,"featured_media":0,"comment_status":"open","ping_status":"open","sticky":false,"template":"","format":"standard","meta":{"footnotes":""},"categories":[43,47],"tags":[],"class_list":["post-48879","post","type-post","status-publish","format-standard","hentry","category-divino-mg","category-fervedouro-mg"],"_links":{"self":[{"href":"https:\/\/clickcarangola.com.br\/site\/wp-json\/wp\/v2\/posts\/48879","targetHints":{"allow":["GET"]}}],"collection":[{"href":"https:\/\/clickcarangola.com.br\/site\/wp-json\/wp\/v2\/posts"}],"about":[{"href":"https:\/\/clickcarangola.com.br\/site\/wp-json\/wp\/v2\/types\/post"}],"author":[{"embeddable":true,"href":"https:\/\/clickcarangola.com.br\/site\/wp-json\/wp\/v2\/users\/2"}],"replies":[{"embeddable":true,"href":"https:\/\/clickcarangola.com.br\/site\/wp-json\/wp\/v2\/comments?post=48879"}],"version-history":[{"count":5,"href":"https:\/\/clickcarangola.com.br\/site\/wp-json\/wp\/v2\/posts\/48879\/revisions"}],"predecessor-version":[{"id":48885,"href":"https:\/\/clickcarangola.com.br\/site\/wp-json\/wp\/v2\/posts\/48879\/revisions\/48885"}],"wp:attachment":[{"href":"https:\/\/clickcarangola.com.br\/site\/wp-json\/wp\/v2\/media?parent=48879"}],"wp:term":[{"taxonomy":"category","embeddable":true,"href":"https:\/\/clickcarangola.com.br\/site\/wp-json\/wp\/v2\/categories?post=48879"},{"taxonomy":"post_tag","embeddable":true,"href":"https:\/\/clickcarangola.com.br\/site\/wp-json\/wp\/v2\/tags?post=48879"}],"curies":[{"name":"wp","href":"https:\/\/api.w.org\/{rel}","templated":true}]}}