{"id":4889,"date":"2012-04-16T06:15:13","date_gmt":"2012-04-16T09:15:13","guid":{"rendered":"https:\/\/clickcarangola.com.br\/site\/?p=4889"},"modified":"2012-04-16T12:44:52","modified_gmt":"2012-04-16T15:44:52","slug":"cadeirantes-sofrem-com-a-invasao-do-espaco-publico","status":"publish","type":"post","link":"https:\/\/clickcarangola.com.br\/site\/16\/04\/2012\/cadeirantes-sofrem-com-a-invasao-do-espaco-publico\/","title":{"rendered":"Cadeirantes sofrem com a invas\u00e3o do espa\u00e7o p\u00fablico"},"content":{"rendered":"<p style=\"text-align: justify;\"><span style=\"color: #888888;\"><img loading=\"lazy\" decoding=\"async\" class=\"alignleft\" src=\"https:\/\/4.bp.blogspot.com\/-RJ_EtNhIP48\/T4oZfAz6gPI\/AAAAAAAABD4\/VXAIMpVe2KM\/s320\/P%C3%A1g+4+foto+24.JPG\" border=\"0\" alt=\"\" width=\"300\" height=\"226\" \/>Cal\u00e7adas estreitas, postes da CEMIG entre a cal\u00e7ada e as paredes residenciais e de estabelecimentos comerciais s\u00e3o alguns dos entraves enfrentados por aqueles que s\u00e3o obrigados a utilizar cadeiras de rodas e tamb\u00e9m para \u00a0pessoas portadoras de necessidades especiais para locomo\u00e7\u00e3o.<\/span><\/p>\n<p style=\"text-align: justify;\"><span style=\"color: #888888;\">N\u00e3o bastasse a conjuntura f\u00edsica imposta pelas vias p\u00fablicas, os cadeirantes tamb\u00e9m s\u00e3o obrigados a conviver com a invas\u00e3o do espa\u00e7o p\u00fablico por comerciantes informais que utilizam as cal\u00e7adas para exposi\u00e7\u00e3o e venda de produtos, num total desrespeito \u00e0s Leis e ao direito de ir e vir, n\u00e3o apenas dos cadeirantes, mas de todos os cidad\u00e3os.<!--more--><\/span><\/p>\n<p style=\"text-align: justify;\"><span style=\"color: #888888;\">Um fato que tem merecido in\u00fameras reclama\u00e7\u00f5es e observa\u00e7\u00f5es dos que transitam pela Rua Pedro de Oliveira, entre a firma Jorge Kamil e o INSS, \u00e9 que um comerciante fez uma rampa na cal\u00e7ada para facilitar o acesso \u00e0 sua loja. Com informa\u00e7\u00f5es: Folha da Mata.<\/span><\/p>\n<p style=\"text-align: justify;\"><strong><span style=\"color: #888888;\">Por: Click Carangola<\/span><\/strong><\/p>\n","protected":false},"excerpt":{"rendered":"<p>Cal\u00e7adas estreitas, postes da CEMIG entre a cal\u00e7ada e as paredes residenciais e de estabelecimentos comerciais s\u00e3o alguns dos entraves enfrentados por aqueles que s\u00e3o obrigados a utilizar cadeiras de rodas e tamb\u00e9m para \u00a0pessoas portadoras de necessidades especiais para locomo\u00e7\u00e3o. N\u00e3o bastasse a conjuntura f\u00edsica imposta pelas vias p\u00fablicas, os cadeirantes tamb\u00e9m s\u00e3o obrigados [&hellip;]<\/p>\n","protected":false},"author":2,"featured_media":0,"comment_status":"open","ping_status":"open","sticky":false,"template":"","format":"standard","meta":{"footnotes":""},"categories":[37],"tags":[],"class_list":["post-4889","post","type-post","status-publish","format-standard","hentry","category-carangola-mg"],"_links":{"self":[{"href":"https:\/\/clickcarangola.com.br\/site\/wp-json\/wp\/v2\/posts\/4889","targetHints":{"allow":["GET"]}}],"collection":[{"href":"https:\/\/clickcarangola.com.br\/site\/wp-json\/wp\/v2\/posts"}],"about":[{"href":"https:\/\/clickcarangola.com.br\/site\/wp-json\/wp\/v2\/types\/post"}],"author":[{"embeddable":true,"href":"https:\/\/clickcarangola.com.br\/site\/wp-json\/wp\/v2\/users\/2"}],"replies":[{"embeddable":true,"href":"https:\/\/clickcarangola.com.br\/site\/wp-json\/wp\/v2\/comments?post=4889"}],"version-history":[{"count":1,"href":"https:\/\/clickcarangola.com.br\/site\/wp-json\/wp\/v2\/posts\/4889\/revisions"}],"predecessor-version":[{"id":4890,"href":"https:\/\/clickcarangola.com.br\/site\/wp-json\/wp\/v2\/posts\/4889\/revisions\/4890"}],"wp:attachment":[{"href":"https:\/\/clickcarangola.com.br\/site\/wp-json\/wp\/v2\/media?parent=4889"}],"wp:term":[{"taxonomy":"category","embeddable":true,"href":"https:\/\/clickcarangola.com.br\/site\/wp-json\/wp\/v2\/categories?post=4889"},{"taxonomy":"post_tag","embeddable":true,"href":"https:\/\/clickcarangola.com.br\/site\/wp-json\/wp\/v2\/tags?post=4889"}],"curies":[{"name":"wp","href":"https:\/\/api.w.org\/{rel}","templated":true}]}}