{"id":48987,"date":"2023-10-12T08:00:10","date_gmt":"2023-10-12T11:00:10","guid":{"rendered":"https:\/\/clickcarangola.com.br\/site\/?p=48987"},"modified":"2023-10-15T12:34:17","modified_gmt":"2023-10-15T15:34:17","slug":"fatalidade-motociclista-e-garupa-morrem-apos-baterem-de-frente-com-carro-na-mg-482","status":"publish","type":"post","link":"https:\/\/clickcarangola.com.br\/site\/12\/10\/2023\/fatalidade-motociclista-e-garupa-morrem-apos-baterem-de-frente-com-carro-na-mg-482\/","title":{"rendered":"Fatalidade: Motociclista e garupa morrem ap\u00f3s baterem de frente com carro na MG-482"},"content":{"rendered":"<p><img loading=\"lazy\" decoding=\"async\" class=\"alignleft\" src=\"https:\/\/clickcarangola.com.br\/site\/wp-content\/uploads\/2023\/10\/Motociclista-e-garupa-01.jpg\" alt=\"\" width=\"300\" height=\"226\" \/>CARANGOLA &#8211; Dois jovens, que estavam em uma motocicleta, morreram na noite desta quarta-feira (11), ap\u00f3s baterem de frente com um carro.<\/p>\n<p>O acidente aconteceu na MGC-482, rodovia que liga Fervedouro a Carangola, pr\u00f3ximo \u00e0 entrada do Distrito de Alvorada. Os jovens foram identificados como Arthur de Oliveira Hastenreiter, de 16 anos e Evandro Alves dos Santos, de 23 anos, moradores de Alvorada.<!--more--><\/p>\n<p>Os quatro ocupantes do carro, sendo duas crian\u00e7as e dois adultos foram socorridos pelo Servi\u00e7o de Atendimento M\u00f3vel de Urg\u00eancia (SAMU 192) e levados ao Pronto Socorro Regional (PSR 24h) do Hospital Casa de Caridade de Carangola (HCCC). O motorista teve clav\u00edcula quebrada.<\/p>\n<p>Durante os trabalhos periciais, o tr\u00e2nsito na rodovia ficou interditado nos dois sentidos. Os corpos foram encaminhados ao Instituto M\u00e9dico Legal (IML) e hoje pela manh\u00e3 foram liberados para a fam\u00edlia.<\/p>\n<p><strong>Confira as imagens:<\/strong><\/p>\n<p><img loading=\"lazy\" decoding=\"async\" src=\"https:\/\/clickcarangola.com.br\/site\/wp-content\/uploads\/2023\/10\/Motociclista-e-garupa-01.jpg\" alt=\"\" width=\"400\" height=\"300\" \/><br \/>\n<img loading=\"lazy\" decoding=\"async\" src=\"https:\/\/clickcarangola.com.br\/site\/wp-content\/uploads\/2023\/10\/Motociclista-e-garupa-02.jpg\" alt=\"\" width=\"400\" height=\"300\" \/><br \/>\n<img loading=\"lazy\" decoding=\"async\" src=\"https:\/\/clickcarangola.com.br\/site\/wp-content\/uploads\/2023\/10\/Motociclista-e-garupa-03.jpg\" alt=\"\" width=\"400\" height=\"300\" \/><br \/>\n<img loading=\"lazy\" decoding=\"async\" src=\"https:\/\/clickcarangola.com.br\/site\/wp-content\/uploads\/2023\/10\/Motociclista-e-garupa-04.jpg\" alt=\"\" width=\"400\" height=\"300\" \/><br \/>\n<img loading=\"lazy\" decoding=\"async\" src=\"https:\/\/clickcarangola.com.br\/site\/wp-content\/uploads\/2023\/10\/Motociclista-e-garupa-05.jpg\" alt=\"\" width=\"400\" height=\"300\" \/><br \/>\n<img loading=\"lazy\" decoding=\"async\" src=\"https:\/\/clickcarangola.com.br\/site\/wp-content\/uploads\/2023\/10\/Motociclista-e-garupa-06.jpg\" alt=\"\" width=\"400\" height=\"300\" \/><br \/>\n<img loading=\"lazy\" decoding=\"async\" src=\"https:\/\/clickcarangola.com.br\/site\/wp-content\/uploads\/2023\/10\/Motociclista-e-garupa-07.jpg\" alt=\"\" width=\"400\" height=\"300\" \/><br \/>\n<img loading=\"lazy\" decoding=\"async\" src=\"https:\/\/clickcarangola.com.br\/site\/wp-content\/uploads\/2023\/10\/Motociclista-e-garupa-08.jpg\" alt=\"\" width=\"400\" height=\"300\" \/><br \/>\n<img loading=\"lazy\" decoding=\"async\" src=\"https:\/\/clickcarangola.com.br\/site\/wp-content\/uploads\/2023\/10\/Motociclista-e-garupa-09.jpg\" alt=\"\" width=\"400\" height=\"300\" \/><\/p>\n<p><strong>Por: Click Carangola<\/strong> | Com informa\u00e7\u00f5es Paulo Roberto e R\u00e1dio Muria\u00e9.<\/p>\n","protected":false},"excerpt":{"rendered":"<p>CARANGOLA &#8211; Dois jovens, que estavam em uma motocicleta, morreram na noite desta quarta-feira (11), ap\u00f3s baterem de frente com um carro. O acidente aconteceu na MGC-482, rodovia que liga Fervedouro a Carangola, pr\u00f3ximo \u00e0 entrada do Distrito de Alvorada. Os jovens foram identificados como Arthur de Oliveira Hastenreiter, de 16 anos e Evandro Alves [&hellip;]<\/p>\n","protected":false},"author":2,"featured_media":48989,"comment_status":"open","ping_status":"open","sticky":false,"template":"","format":"standard","meta":{"footnotes":""},"categories":[37,47],"tags":[],"class_list":["post-48987","post","type-post","status-publish","format-standard","has-post-thumbnail","hentry","category-carangola-mg","category-fervedouro-mg"],"_links":{"self":[{"href":"https:\/\/clickcarangola.com.br\/site\/wp-json\/wp\/v2\/posts\/48987","targetHints":{"allow":["GET"]}}],"collection":[{"href":"https:\/\/clickcarangola.com.br\/site\/wp-json\/wp\/v2\/posts"}],"about":[{"href":"https:\/\/clickcarangola.com.br\/site\/wp-json\/wp\/v2\/types\/post"}],"author":[{"embeddable":true,"href":"https:\/\/clickcarangola.com.br\/site\/wp-json\/wp\/v2\/users\/2"}],"replies":[{"embeddable":true,"href":"https:\/\/clickcarangola.com.br\/site\/wp-json\/wp\/v2\/comments?post=48987"}],"version-history":[{"count":9,"href":"https:\/\/clickcarangola.com.br\/site\/wp-json\/wp\/v2\/posts\/48987\/revisions"}],"predecessor-version":[{"id":49023,"href":"https:\/\/clickcarangola.com.br\/site\/wp-json\/wp\/v2\/posts\/48987\/revisions\/49023"}],"wp:featuredmedia":[{"embeddable":true,"href":"https:\/\/clickcarangola.com.br\/site\/wp-json\/wp\/v2\/media\/48989"}],"wp:attachment":[{"href":"https:\/\/clickcarangola.com.br\/site\/wp-json\/wp\/v2\/media?parent=48987"}],"wp:term":[{"taxonomy":"category","embeddable":true,"href":"https:\/\/clickcarangola.com.br\/site\/wp-json\/wp\/v2\/categories?post=48987"},{"taxonomy":"post_tag","embeddable":true,"href":"https:\/\/clickcarangola.com.br\/site\/wp-json\/wp\/v2\/tags?post=48987"}],"curies":[{"name":"wp","href":"https:\/\/api.w.org\/{rel}","templated":true}]}}