{"id":49026,"date":"2023-10-21T12:00:10","date_gmt":"2023-10-21T15:00:10","guid":{"rendered":"https:\/\/clickcarangola.com.br\/site\/?p=49026"},"modified":"2023-10-21T18:35:10","modified_gmt":"2023-10-21T21:35:10","slug":"passageira-de-veiculo-morre-no-dia-do-aniversario-colisao-frontal-foi-registrada-na-br-116","status":"publish","type":"post","link":"https:\/\/clickcarangola.com.br\/site\/21\/10\/2023\/passageira-de-veiculo-morre-no-dia-do-aniversario-colisao-frontal-foi-registrada-na-br-116\/","title":{"rendered":"Passageira de ve\u00edculo morre no dia do anivers\u00e1rio; colis\u00e3o frontal foi registrada na BR-116"},"content":{"rendered":"<p><img loading=\"lazy\" decoding=\"async\" class=\"alignleft\" src=\"https:\/\/clickcarangola.com.br\/site\/wp-content\/uploads\/2023\/10\/Passageira-de-ve\u00edculo-01.jpeg\" alt=\"\" width=\"300\" height=\"226\" \/>FERVEDOURO &#8211; Por volta das 03h da manh\u00e3 deste s\u00e1bado (21), uma trag\u00e9dia abalou a comunidade de Fervedouro, quando um grave acidente foi registrado na BR-116, no per\u00edmetro urbano da cidade, na altura do Bairro Santa Rita.<\/p>\n<p>O acidente na rodovia envolveu um ve\u00edculo de passeio e uma carreta, deixando uma v\u00edtima fatal e outra gravemente ferida. Vanderlea Martins de Freitas, tinha 44 anos e morreu no dia do seu anivers\u00e1rio.<!--more--><\/p>\n<p>O local da colis\u00e3o, conhecido popularmente como &#8220;Curva dos Amercos&#8221;, tem sido palco de in\u00fameros acidentes ao longo dos anos, e infelizmente, desta vez, uma mulher de 44 anos que estava no ve\u00edculo de passeio perdeu a vida no incidente.<\/p>\n<p>O motorista do ve\u00edculo, que perdeu o controle na curva e colidiu frontalmente com a carreta, sofreu ferimentos graves e foi prontamente socorrido. Ele foi encaminhado ao Pronto Socorro Regional (PSR 24h) do Hospital Casa de Caridade de Carangola (HCCC), em busca de tratamento m\u00e9dico adequado, segundo informa\u00e7\u00f5es do Servi\u00e7o de Atendimento M\u00f3vel de Urg\u00eancia (SAMU 192).<\/p>\n<p>O condutor da carreta saiu ileso, mas recebeu atendimento m\u00e9dico por precau\u00e7\u00e3o. O ve\u00edculo de passeio ficou totalmente destru\u00eddo ap\u00f3s o impacto.<\/p>\n<p>A Pol\u00edcia Rodovi\u00e1ria Federal (PRF), a EcoRioMinas, empresa de gest\u00e3o de rodovias, e equipes do SAMU 192 estiveram no local para prestar assist\u00eancia \u00e0s v\u00edtimas e controlar o tr\u00e1fego na rodovia. As circunst\u00e2ncias exatas que levaram ao acidente ainda est\u00e3o sob investiga\u00e7\u00e3o.<\/p>\n<p><strong>Confira as imagens:<\/strong><\/p>\n<p><img loading=\"lazy\" decoding=\"async\" src=\"https:\/\/clickcarangola.com.br\/site\/wp-content\/uploads\/2023\/10\/Passageira-de-ve\u00edculo-01.jpeg\" alt=\"\" width=\"400\" height=\"300\" \/><br \/>\n<img loading=\"lazy\" decoding=\"async\" src=\"https:\/\/clickcarangola.com.br\/site\/wp-content\/uploads\/2023\/10\/Passageira-de-ve\u00edculo-02.jpg\" alt=\"\" width=\"400\" height=\"300\" \/><br \/>\n<img loading=\"lazy\" decoding=\"async\" src=\"https:\/\/clickcarangola.com.br\/site\/wp-content\/uploads\/2023\/10\/Passageira-de-ve\u00edculo-03.jpg\" alt=\"\" width=\"400\" height=\"300\" \/><br \/>\n<img loading=\"lazy\" decoding=\"async\" src=\"https:\/\/clickcarangola.com.br\/site\/wp-content\/uploads\/2023\/10\/Passageira-de-ve\u00edculo-04.png\" alt=\"\" width=\"400\" height=\"300\" \/><\/p>\n<p><strong>Por: Click Carangola<\/strong> | Com informa\u00e7\u00f5es do SAMU 192 e R\u00e1dio Muria\u00e9.<\/p>\n","protected":false},"excerpt":{"rendered":"<p>FERVEDOURO &#8211; Por volta das 03h da manh\u00e3 deste s\u00e1bado (21), uma trag\u00e9dia abalou a comunidade de Fervedouro, quando um grave acidente foi registrado na BR-116, no per\u00edmetro urbano da cidade, na altura do Bairro Santa Rita. O acidente na rodovia envolveu um ve\u00edculo de passeio e uma carreta, deixando uma v\u00edtima fatal e outra [&hellip;]<\/p>\n","protected":false},"author":2,"featured_media":49027,"comment_status":"open","ping_status":"open","sticky":false,"template":"","format":"standard","meta":{"footnotes":""},"categories":[47],"tags":[],"class_list":["post-49026","post","type-post","status-publish","format-standard","has-post-thumbnail","hentry","category-fervedouro-mg"],"_links":{"self":[{"href":"https:\/\/clickcarangola.com.br\/site\/wp-json\/wp\/v2\/posts\/49026","targetHints":{"allow":["GET"]}}],"collection":[{"href":"https:\/\/clickcarangola.com.br\/site\/wp-json\/wp\/v2\/posts"}],"about":[{"href":"https:\/\/clickcarangola.com.br\/site\/wp-json\/wp\/v2\/types\/post"}],"author":[{"embeddable":true,"href":"https:\/\/clickcarangola.com.br\/site\/wp-json\/wp\/v2\/users\/2"}],"replies":[{"embeddable":true,"href":"https:\/\/clickcarangola.com.br\/site\/wp-json\/wp\/v2\/comments?post=49026"}],"version-history":[{"count":9,"href":"https:\/\/clickcarangola.com.br\/site\/wp-json\/wp\/v2\/posts\/49026\/revisions"}],"predecessor-version":[{"id":49037,"href":"https:\/\/clickcarangola.com.br\/site\/wp-json\/wp\/v2\/posts\/49026\/revisions\/49037"}],"wp:featuredmedia":[{"embeddable":true,"href":"https:\/\/clickcarangola.com.br\/site\/wp-json\/wp\/v2\/media\/49027"}],"wp:attachment":[{"href":"https:\/\/clickcarangola.com.br\/site\/wp-json\/wp\/v2\/media?parent=49026"}],"wp:term":[{"taxonomy":"category","embeddable":true,"href":"https:\/\/clickcarangola.com.br\/site\/wp-json\/wp\/v2\/categories?post=49026"},{"taxonomy":"post_tag","embeddable":true,"href":"https:\/\/clickcarangola.com.br\/site\/wp-json\/wp\/v2\/tags?post=49026"}],"curies":[{"name":"wp","href":"https:\/\/api.w.org\/{rel}","templated":true}]}}