{"id":49041,"date":"2023-10-23T12:00:13","date_gmt":"2023-10-23T15:00:13","guid":{"rendered":"https:\/\/clickcarangola.com.br\/site\/?p=49041"},"modified":"2023-10-24T10:38:29","modified_gmt":"2023-10-24T13:38:29","slug":"morre-segunda-vitima-de-acidente-na-116-motorista-estava-internado-em-estado-grave-no-hccc","status":"publish","type":"post","link":"https:\/\/clickcarangola.com.br\/site\/23\/10\/2023\/morre-segunda-vitima-de-acidente-na-116-motorista-estava-internado-em-estado-grave-no-hccc\/","title":{"rendered":"Morre segunda v\u00edtima de acidente na 116; motorista estava internado em estado grave no HCCC"},"content":{"rendered":"<p><img loading=\"lazy\" decoding=\"async\" class=\"alignleft\" src=\"https:\/\/clickcarangola.com.br\/site\/wp-content\/uploads\/2023\/10\/Morre-segunda-v\u00edtima.jpg\" alt=\"\" width=\"300\" height=\"226\" \/>CARANGOLA &#8211; Morreu na manh\u00e3 desta segunda-feira (23\/10), a segunda v\u00edtima do acidente ocorrido no \u00faltimo s\u00e1bado, na BR-116, na altura de Fervedouro.<\/p>\n<p>Elp\u00eddio Felipe dos Santos, de 38 anos, chegou a ser socorrido em estado grave pelo Servi\u00e7o de Atendimento M\u00f3vel de Urg\u00eancia (SAMU 192) e levado ao Hospital Casa de Caridade de Carangola (HCCC), onde estava internado desde o dia do acidente, mas n\u00e3o resistiu aos ferimentos.<!--more--><\/p>\n<p>Segundo informa\u00e7\u00f5es apuradas com a Pol\u00edcia Rodovi\u00e1ria Federal (PRF), ele dirigia um carro, e por volta das 03h da manh\u00e3 de s\u00e1bado, bateu de frente com uma carreta, que seguia no sentido contr\u00e1rio.<\/p>\n<p>Vanderleia Martinhs de Freitas, de 44 anos, que estava no banco do carona morreu ainda no local.<\/p>\n<p>O vel\u00f3rio de Elp\u00eddio acontece nesta segunda-feira em Fervedouro.<\/p>\n<p><strong>Por: Click Carangola<\/strong> | Com informa\u00e7\u00f5es da PRF e R\u00e1dio Muria\u00e9.<\/p>\n","protected":false},"excerpt":{"rendered":"<p>CARANGOLA &#8211; Morreu na manh\u00e3 desta segunda-feira (23\/10), a segunda v\u00edtima do acidente ocorrido no \u00faltimo s\u00e1bado, na BR-116, na altura de Fervedouro. Elp\u00eddio Felipe dos Santos, de 38 anos, chegou a ser socorrido em estado grave pelo Servi\u00e7o de Atendimento M\u00f3vel de Urg\u00eancia (SAMU 192) e levado ao Hospital Casa de Caridade de Carangola [&hellip;]<\/p>\n","protected":false},"author":2,"featured_media":49042,"comment_status":"open","ping_status":"open","sticky":false,"template":"","format":"standard","meta":{"footnotes":""},"categories":[37,47],"tags":[],"class_list":["post-49041","post","type-post","status-publish","format-standard","has-post-thumbnail","hentry","category-carangola-mg","category-fervedouro-mg"],"_links":{"self":[{"href":"https:\/\/clickcarangola.com.br\/site\/wp-json\/wp\/v2\/posts\/49041","targetHints":{"allow":["GET"]}}],"collection":[{"href":"https:\/\/clickcarangola.com.br\/site\/wp-json\/wp\/v2\/posts"}],"about":[{"href":"https:\/\/clickcarangola.com.br\/site\/wp-json\/wp\/v2\/types\/post"}],"author":[{"embeddable":true,"href":"https:\/\/clickcarangola.com.br\/site\/wp-json\/wp\/v2\/users\/2"}],"replies":[{"embeddable":true,"href":"https:\/\/clickcarangola.com.br\/site\/wp-json\/wp\/v2\/comments?post=49041"}],"version-history":[{"count":6,"href":"https:\/\/clickcarangola.com.br\/site\/wp-json\/wp\/v2\/posts\/49041\/revisions"}],"predecessor-version":[{"id":49048,"href":"https:\/\/clickcarangola.com.br\/site\/wp-json\/wp\/v2\/posts\/49041\/revisions\/49048"}],"wp:featuredmedia":[{"embeddable":true,"href":"https:\/\/clickcarangola.com.br\/site\/wp-json\/wp\/v2\/media\/49042"}],"wp:attachment":[{"href":"https:\/\/clickcarangola.com.br\/site\/wp-json\/wp\/v2\/media?parent=49041"}],"wp:term":[{"taxonomy":"category","embeddable":true,"href":"https:\/\/clickcarangola.com.br\/site\/wp-json\/wp\/v2\/categories?post=49041"},{"taxonomy":"post_tag","embeddable":true,"href":"https:\/\/clickcarangola.com.br\/site\/wp-json\/wp\/v2\/tags?post=49041"}],"curies":[{"name":"wp","href":"https:\/\/api.w.org\/{rel}","templated":true}]}}