{"id":49132,"date":"2023-11-18T12:00:17","date_gmt":"2023-11-18T15:00:17","guid":{"rendered":"https:\/\/clickcarangola.com.br\/site\/?p=49132"},"modified":"2023-11-26T13:00:28","modified_gmt":"2023-11-26T16:00:28","slug":"homem-de-33-anos-e-morto-a-facadas-as-margens-da-br-116-causas-serao-investigadas","status":"publish","type":"post","link":"https:\/\/clickcarangola.com.br\/site\/18\/11\/2023\/homem-de-33-anos-e-morto-a-facadas-as-margens-da-br-116-causas-serao-investigadas\/","title":{"rendered":"Homem de 33 anos \u00e9 morto a facadas \u00e0s margens da BR-116; causas ser\u00e3o investigadas"},"content":{"rendered":"<p><img loading=\"lazy\" decoding=\"async\" class=\"alignleft\" src=\"https:\/\/clickcarangola.com.br\/site\/wp-content\/uploads\/2023\/11\/Homem-de-33-anos-01.png\" alt=\"\" width=\"300\" height=\"226\" \/>S\u00c3O FRANCISCO DO GL\u00d3RIA &#8211; Na manh\u00e3 deste s\u00e1bado (18), um homem, de 33 anos, foi morto a facadas, no Distrito de Bicu\u00edba, que pertence a S\u00e3o Francisco do Gl\u00f3ria &#8211; a cerca de 33 km de Carangola.<\/p>\n<p>O crime ocorreu nas imedia\u00e7\u00f5es da BR-116, em frente a um posto de combust\u00edvel, deixando a comunidade local, em estado de choque.<!--more--><\/p>\n<p>At\u00e9 o momento, as autoridades policiais n\u00e3o disp\u00f5em de informa\u00e7\u00f5es sobre a motiva\u00e7\u00e3o por tr\u00e1s desse ato violento, que tirou a vida da v\u00edtima de 33 anos, identificada como Ediel Honorato Caetano, natural de Muria\u00e9.<\/p>\n<p>A Pol\u00edcia Militar (PM) &#8211; 190 foi acionada imediatamente e compareceu ao local do crime, juntamente com a per\u00edcia t\u00e9cnica da Pol\u00edcia Civil (PC), que iniciou os trabalhos de investiga\u00e7\u00e3o.<\/p>\n<p>Ap\u00f3s a conclus\u00e3o dos procedimentos periciais, o corpo foi liberado e encaminhado ao Instituto M\u00e9dico Legal (IML). Em breve, mais informa\u00e7\u00f5es ser\u00e3o divulgadas.<\/p>\n<p><strong>Confira as imagens:<\/strong><\/p>\n<p><img loading=\"lazy\" decoding=\"async\" src=\"https:\/\/clickcarangola.com.br\/site\/wp-content\/uploads\/2023\/11\/Homem-de-33-anos-01.png\" alt=\"\" width=\"400\" height=\"300\" \/><br \/>\n<img loading=\"lazy\" decoding=\"async\" src=\"https:\/\/clickcarangola.com.br\/site\/wp-content\/uploads\/2023\/11\/Homem-de-33-anos-02.jpg\" alt=\"\" width=\"400\" height=\"300\" \/><\/p>\n<p><strong>Por: Click Carangola<\/strong> | Com informa\u00e7\u00f5es Paulo Roberto e R\u00e1dio Muria\u00e9.<\/p>\n","protected":false},"excerpt":{"rendered":"<p>S\u00c3O FRANCISCO DO GL\u00d3RIA &#8211; Na manh\u00e3 deste s\u00e1bado (18), um homem, de 33 anos, foi morto a facadas, no Distrito de Bicu\u00edba, que pertence a S\u00e3o Francisco do Gl\u00f3ria &#8211; a cerca de 33 km de Carangola. O crime ocorreu nas imedia\u00e7\u00f5es da BR-116, em frente a um posto de combust\u00edvel, deixando a comunidade [&hellip;]<\/p>\n","protected":false},"author":2,"featured_media":49137,"comment_status":"open","ping_status":"open","sticky":false,"template":"","format":"standard","meta":{"footnotes":""},"categories":[55,1],"tags":[],"class_list":["post-49132","post","type-post","status-publish","format-standard","has-post-thumbnail","hentry","category-saofranciscodogloria-mg","category-regional"],"_links":{"self":[{"href":"https:\/\/clickcarangola.com.br\/site\/wp-json\/wp\/v2\/posts\/49132","targetHints":{"allow":["GET"]}}],"collection":[{"href":"https:\/\/clickcarangola.com.br\/site\/wp-json\/wp\/v2\/posts"}],"about":[{"href":"https:\/\/clickcarangola.com.br\/site\/wp-json\/wp\/v2\/types\/post"}],"author":[{"embeddable":true,"href":"https:\/\/clickcarangola.com.br\/site\/wp-json\/wp\/v2\/users\/2"}],"replies":[{"embeddable":true,"href":"https:\/\/clickcarangola.com.br\/site\/wp-json\/wp\/v2\/comments?post=49132"}],"version-history":[{"count":10,"href":"https:\/\/clickcarangola.com.br\/site\/wp-json\/wp\/v2\/posts\/49132\/revisions"}],"predecessor-version":[{"id":49165,"href":"https:\/\/clickcarangola.com.br\/site\/wp-json\/wp\/v2\/posts\/49132\/revisions\/49165"}],"wp:featuredmedia":[{"embeddable":true,"href":"https:\/\/clickcarangola.com.br\/site\/wp-json\/wp\/v2\/media\/49137"}],"wp:attachment":[{"href":"https:\/\/clickcarangola.com.br\/site\/wp-json\/wp\/v2\/media?parent=49132"}],"wp:term":[{"taxonomy":"category","embeddable":true,"href":"https:\/\/clickcarangola.com.br\/site\/wp-json\/wp\/v2\/categories?post=49132"},{"taxonomy":"post_tag","embeddable":true,"href":"https:\/\/clickcarangola.com.br\/site\/wp-json\/wp\/v2\/tags?post=49132"}],"curies":[{"name":"wp","href":"https:\/\/api.w.org\/{rel}","templated":true}]}}