{"id":49144,"date":"2023-11-21T12:00:25","date_gmt":"2023-11-21T15:00:25","guid":{"rendered":"https:\/\/clickcarangola.com.br\/site\/?p=49144"},"modified":"2023-11-21T18:19:52","modified_gmt":"2023-11-21T21:19:52","slug":"colisao-frontal-e-capotamento-na-br-116-deixa-uma-pessoa-morta-e-outra-gravemente-ferida","status":"publish","type":"post","link":"https:\/\/clickcarangola.com.br\/site\/21\/11\/2023\/colisao-frontal-e-capotamento-na-br-116-deixa-uma-pessoa-morta-e-outra-gravemente-ferida\/","title":{"rendered":"Colis\u00e3o frontal e capotamento na BR-116 deixa uma pessoa morta e outra gravemente ferida"},"content":{"rendered":"<p><img loading=\"lazy\" decoding=\"async\" class=\"alignleft\" src=\"https:\/\/clickcarangola.com.br\/site\/wp-content\/uploads\/2023\/11\/Acidente-frontal-01.png\" alt=\"\" width=\"300\" height=\"226\" \/>DIVINO &#8211; Na manh\u00e3 desta ter\u00e7a-feira (21\/11), uma trag\u00e9dia aconteceu na BR-116, pr\u00f3ximo a Divino &#8211; a cerca de 25 km de Carangola.<\/p>\n<p>Um acidente, do tipo colis\u00e3o frontal, seguido de capotamento envolveu uma Toyota Hilux e uma VW Saveiro, resultando em uma pessoa morta e outra em estado grave.<!--more--><\/p>\n<p>O condutor da Toyota Hilux, que seguia no sentido S\u00e3o Jo\u00e3o Manhua\u00e7u \u2013 Fervedouro, viu-se envolvido na colis\u00e3o frontal, quando a Saveiro, ap\u00f3s realizar uma curva, invadiu a contram\u00e3o. O condutor da VW Saveiro morreu no local.<\/p>\n<p>Uma equipe da EcoRioMinas prontamente atuou no resgate da v\u00edtima ferida. Ela foi encaminhada em estado grave ao Pronto Socorro Regional (PSR 24h) do Hospital Casa de Caridade de Carangola (HCCC).<\/p>\n<p>No local, a per\u00edcia t\u00e9cnica da Pol\u00edcia Civil (PC) compareceu para realizar os procedimentos necess\u00e1rios. A situa\u00e7\u00e3o \u00e9 delicada e a v\u00edtima foi identificada como Odilon Valter de Abreu, de 74 anos, de Manhua\u00e7u.<\/p>\n<p><strong>Confira as imagens:<\/strong><\/p>\n<p><img loading=\"lazy\" decoding=\"async\" src=\"https:\/\/clickcarangola.com.br\/site\/wp-content\/uploads\/2023\/11\/Acidente-frontal-01.png\" alt=\"\" width=\"400\" height=\"300\" \/><br \/>\n<img loading=\"lazy\" decoding=\"async\" src=\"https:\/\/clickcarangola.com.br\/site\/wp-content\/uploads\/2023\/11\/Acidente-frontal-02.png\" alt=\"\" width=\"400\" height=\"300\" \/><br \/>\n<img loading=\"lazy\" decoding=\"async\" src=\"https:\/\/clickcarangola.com.br\/site\/wp-content\/uploads\/2023\/11\/Acidente-frontal-03.png\" alt=\"\" width=\"400\" height=\"300\" \/><\/p>\n<p><strong>Por: Click Carangola<\/strong> | Com informa\u00e7\u00f5es EcoRioMinas e R\u00e1dio Muria\u00e9.<\/p>\n","protected":false},"excerpt":{"rendered":"<p>DIVINO &#8211; Na manh\u00e3 desta ter\u00e7a-feira (21\/11), uma trag\u00e9dia aconteceu na BR-116, pr\u00f3ximo a Divino &#8211; a cerca de 25 km de Carangola. Um acidente, do tipo colis\u00e3o frontal, seguido de capotamento envolveu uma Toyota Hilux e uma VW Saveiro, resultando em uma pessoa morta e outra em estado grave.<\/p>\n","protected":false},"author":2,"featured_media":49145,"comment_status":"open","ping_status":"open","sticky":false,"template":"","format":"standard","meta":{"footnotes":""},"categories":[43],"tags":[],"class_list":["post-49144","post","type-post","status-publish","format-standard","has-post-thumbnail","hentry","category-divino-mg"],"_links":{"self":[{"href":"https:\/\/clickcarangola.com.br\/site\/wp-json\/wp\/v2\/posts\/49144","targetHints":{"allow":["GET"]}}],"collection":[{"href":"https:\/\/clickcarangola.com.br\/site\/wp-json\/wp\/v2\/posts"}],"about":[{"href":"https:\/\/clickcarangola.com.br\/site\/wp-json\/wp\/v2\/types\/post"}],"author":[{"embeddable":true,"href":"https:\/\/clickcarangola.com.br\/site\/wp-json\/wp\/v2\/users\/2"}],"replies":[{"embeddable":true,"href":"https:\/\/clickcarangola.com.br\/site\/wp-json\/wp\/v2\/comments?post=49144"}],"version-history":[{"count":9,"href":"https:\/\/clickcarangola.com.br\/site\/wp-json\/wp\/v2\/posts\/49144\/revisions"}],"predecessor-version":[{"id":49154,"href":"https:\/\/clickcarangola.com.br\/site\/wp-json\/wp\/v2\/posts\/49144\/revisions\/49154"}],"wp:featuredmedia":[{"embeddable":true,"href":"https:\/\/clickcarangola.com.br\/site\/wp-json\/wp\/v2\/media\/49145"}],"wp:attachment":[{"href":"https:\/\/clickcarangola.com.br\/site\/wp-json\/wp\/v2\/media?parent=49144"}],"wp:term":[{"taxonomy":"category","embeddable":true,"href":"https:\/\/clickcarangola.com.br\/site\/wp-json\/wp\/v2\/categories?post=49144"},{"taxonomy":"post_tag","embeddable":true,"href":"https:\/\/clickcarangola.com.br\/site\/wp-json\/wp\/v2\/tags?post=49144"}],"curies":[{"name":"wp","href":"https:\/\/api.w.org\/{rel}","templated":true}]}}