{"id":49378,"date":"2024-01-23T08:00:55","date_gmt":"2024-01-23T11:00:55","guid":{"rendered":"https:\/\/clickcarangola.com.br\/site\/?p=49378"},"modified":"2024-01-24T17:04:22","modified_gmt":"2024-01-24T20:04:22","slug":"homem-e-preso-apos-agredir-vitima-com-chutes-e-pedradas-por-conta-de-r-150","status":"publish","type":"post","link":"https:\/\/clickcarangola.com.br\/site\/23\/01\/2024\/homem-e-preso-apos-agredir-vitima-com-chutes-e-pedradas-por-conta-de-r-150\/","title":{"rendered":"Homem \u00e9 preso ap\u00f3s agredir v\u00edtima com chutes e pedradas por conta de R$ 1,50"},"content":{"rendered":"<p><img loading=\"lazy\" decoding=\"async\" class=\"alignleft\" src=\"https:\/\/clickcarangola.com.br\/site\/wp-content\/uploads\/2024\/01\/Homem-\u00e9-preso-01.jpg\" alt=\"\" width=\"300\" height=\"226\" \/>MURIA\u00c9 &#8211; Um homem, foi preso ap\u00f3s agredir um indiv\u00edduo com chutes e pedradas, na madrugada desta ter\u00e7a-feira (23), na Av. Silv\u00e9rio Campos, no Bairro Safira.<\/p>\n<p>Segundo a Pol\u00edcia Militar (PM) &#8211; 190, o autor informou que estava consumindo \u00e1lcool na companhia da v\u00edtima, um homem, de 44 anos, quando ela se recusou a completar o valor de R$ 1,50 para que ele pudesse comprar mais bebida.<!--more--><\/p>\n<p>Conforme a PM, o agressor fugiu do local ap\u00f3s o crime, mas foi identificado por uma testemunha que estava junto aos envolvidos. Ao receber informa\u00e7\u00f5es de que o autor teria lesionado o p\u00e9 durante a briga ao chutar a v\u00edtima, os militares iniciaram as buscas em torno dos locais de pronto atendimento do munic\u00edpio e o localizou nas proximidades do Hospital S\u00e3o Paulo (HSP).<\/p>\n<p>A PM informou que ao confessar o motivo para ter cometido a agress\u00e3o, o homem tamb\u00e9m disse ter desejado matar a v\u00edtima. Ap\u00f3s receber atendimento m\u00e9dico, o autor foi preso e conduzido \u00e0 delegacia de Pol\u00edcia Civil (PC).<\/p>\n<p><strong>Entenda o caso<\/strong><\/p>\n<p>Um homem, de 44 anos, foi v\u00edtima de uma tentativa de homic\u00eddio na madrugada desta ter\u00e7a-feira (23), na Av. Silv\u00e9rio Campos, no Bairro Safira.<\/p>\n<p>Ap\u00f3s receber uma den\u00fancia por telefone, relatando grande barulho e uma poss\u00edvel briga entre dois homens na via, assim como a fuga do agressor em dire\u00e7\u00e3o ao Centro, a PM compareceu ao local e encontrou a v\u00edtima ca\u00edda no ch\u00e3o, com sangramento na cabe\u00e7a e respirando de forma ofegante. Tamb\u00e9m, foram localizadas duas pedras grandes, uma sobre a cabe\u00e7a do homem, e outra ao lado do corpo.<\/p>\n<p>O Servi\u00e7o de Atendimento M\u00f3vel de Urg\u00eancia (SAMU 192) foi acionado para prestar os primeiros socorros e afirmou que a v\u00edtima teria sofrido uma les\u00e3o cerebral grave. O homem foi direcionado imediatamente para o Hospital S\u00e3o Paulo (HSP).<\/p>\n<p>O agressor foi identificado por uma testemunha que estava na companhia dos envolvidos no momento da confus\u00e3o. Segundo ela, a v\u00edtima foi agredida com chutes e socos, e informou ainda que ao tentar ajudar foi impedida pelo agressor que o amea\u00e7ou, dizendo: &#8220;se voc\u00ea entrar, vai sobrar pra voc\u00ea tamb\u00e9m&#8221;.<\/p>\n<p>Ainda conforme a testemunha, ao notar que a v\u00edtima estava desacordada, correu at\u00e9 o 47\u00ba Batalh\u00e3o de Pol\u00edcia Militar a fim de pedir ajuda. No entanto, por conta da den\u00fancia anterior, os militares j\u00e1 estavam empenhados no atendimento.<\/p>\n<p><strong>Confira as imagens:<\/strong><\/p>\n<p><img loading=\"lazy\" decoding=\"async\" src=\"https:\/\/clickcarangola.com.br\/site\/wp-content\/uploads\/2024\/01\/Homem-\u00e9-preso-01.jpg\" alt=\"\" width=\"400\" height=\"300\" \/><br \/>\n<img loading=\"lazy\" decoding=\"async\" src=\"https:\/\/clickcarangola.com.br\/site\/wp-content\/uploads\/2024\/01\/Homem-\u00e9-preso-02.jpg\" alt=\"\" width=\"400\" height=\"300\" \/><\/p>\n<p><strong>Por: Click Carangola<\/strong> | Com informa\u00e7\u00f5es da PM e R\u00e1dio Muria\u00e9.<\/p>\n","protected":false},"excerpt":{"rendered":"<p>MURIA\u00c9 &#8211; Um homem, foi preso ap\u00f3s agredir um indiv\u00edduo com chutes e pedradas, na madrugada desta ter\u00e7a-feira (23), na Av. Silv\u00e9rio Campos, no Bairro Safira. Segundo a Pol\u00edcia Militar (PM) &#8211; 190, o autor informou que estava consumindo \u00e1lcool na companhia da v\u00edtima, um homem, de 44 anos, quando ela se recusou a completar [&hellip;]<\/p>\n","protected":false},"author":2,"featured_media":49380,"comment_status":"open","ping_status":"open","sticky":false,"template":"","format":"standard","meta":{"footnotes":""},"categories":[1],"tags":[],"class_list":["post-49378","post","type-post","status-publish","format-standard","has-post-thumbnail","hentry","category-regional"],"_links":{"self":[{"href":"https:\/\/clickcarangola.com.br\/site\/wp-json\/wp\/v2\/posts\/49378","targetHints":{"allow":["GET"]}}],"collection":[{"href":"https:\/\/clickcarangola.com.br\/site\/wp-json\/wp\/v2\/posts"}],"about":[{"href":"https:\/\/clickcarangola.com.br\/site\/wp-json\/wp\/v2\/types\/post"}],"author":[{"embeddable":true,"href":"https:\/\/clickcarangola.com.br\/site\/wp-json\/wp\/v2\/users\/2"}],"replies":[{"embeddable":true,"href":"https:\/\/clickcarangola.com.br\/site\/wp-json\/wp\/v2\/comments?post=49378"}],"version-history":[{"count":5,"href":"https:\/\/clickcarangola.com.br\/site\/wp-json\/wp\/v2\/posts\/49378\/revisions"}],"predecessor-version":[{"id":49383,"href":"https:\/\/clickcarangola.com.br\/site\/wp-json\/wp\/v2\/posts\/49378\/revisions\/49383"}],"wp:featuredmedia":[{"embeddable":true,"href":"https:\/\/clickcarangola.com.br\/site\/wp-json\/wp\/v2\/media\/49380"}],"wp:attachment":[{"href":"https:\/\/clickcarangola.com.br\/site\/wp-json\/wp\/v2\/media?parent=49378"}],"wp:term":[{"taxonomy":"category","embeddable":true,"href":"https:\/\/clickcarangola.com.br\/site\/wp-json\/wp\/v2\/categories?post=49378"},{"taxonomy":"post_tag","embeddable":true,"href":"https:\/\/clickcarangola.com.br\/site\/wp-json\/wp\/v2\/tags?post=49378"}],"curies":[{"name":"wp","href":"https:\/\/api.w.org\/{rel}","templated":true}]}}