{"id":4948,"date":"2012-04-20T13:00:45","date_gmt":"2012-04-20T16:00:45","guid":{"rendered":"https:\/\/clickcarangola.com.br\/site\/?p=4948"},"modified":"2012-04-20T17:34:01","modified_gmt":"2012-04-20T20:34:01","slug":"educadores-de-carangola-ministram-seminario-na-cidade-de-sumidouro-rj","status":"publish","type":"post","link":"https:\/\/clickcarangola.com.br\/site\/20\/04\/2012\/educadores-de-carangola-ministram-seminario-na-cidade-de-sumidouro-rj\/","title":{"rendered":"Educadores de Carangola ministram semin\u00e1rio na cidade de Sumidouro (RJ)"},"content":{"rendered":"<p style=\"text-align: justify; color: #888888;\"><span style=\"color: #888888;\"><img loading=\"lazy\" decoding=\"async\" class=\"alignleft\" src=\"https:\/\/2.bp.blogspot.com\/-dAVut2ANa8Q\/T5Gmg1XT_AI\/AAAAAAAB29I\/NENTm7fuCYQ\/s320\/DSCF0443.jpg\" border=\"0\" alt=\"\" width=\"300\" height=\"226\" \/><\/span><\/p>\n<div style=\"text-align: justify;\"><span style=\"color: #888888;\">Aconteceu no per\u00edodo de 12 a 14 de abril na cidade de\u00a0\u00a0Sumidouro (RJ), o 1\u00ba Semin\u00e1rio de Educa\u00e7\u00e3o. O\u00a0evento foi realizado pela Prefeitura, atrav\u00e9s da Secretaria Municipal de Educa\u00e7\u00e3o e teve como organizadora a empresa carangolense Absolut Produ\u00e7\u00f5es e Eventos.<\/span><\/div>\n<p style=\"text-align: justify;\"><span style=\"color: #888888;\">A convite da Absolut Produ\u00e7\u00f5es os professores carangolenses S\u00f4nia Maria Paula, Ivete Monteiro, Martha Christina Motta Macedo, Ros\u00e2ngela Chaibem, Rafael Fava Beluzio, al\u00e9m da psic\u00f3loga carangolense Maria Helena Ribeiro e da professora esperafeliscense Selma T\u00e1vora foram os respons\u00e1veis por ministrar palestras e oficinas que abordaram diversos temas relacionados \u00e0 educa\u00e7\u00e3o, que objetivou a qualifica\u00e7\u00e3o de aproximadamente 120 professores da rede municipal daquela cidade.<!--more--><\/span><\/p>\n<p style=\"color: #888888;\">\n<p style=\"text-align: justify;\"><span style=\"color: #888888;\">Segundo\u00a0\u00a0a Secret\u00e1ria de Educa\u00e7\u00e3o de Sumidouro, Iedamara Corguinha o evento atingiu todos os objetivos e foi realizado em alt\u00edssimo n\u00edvel tanto no que tange \u00e0 qualifica\u00e7\u00e3o dos professores palestrantes quanto \u00e0 organiza\u00e7\u00e3o do evento.<\/span><\/p>\n<p style=\"text-align: justify;\"><span style=\"color: #888888;\">Segundo o Henderson Medeiros, da Absolut Produ\u00e7\u00f5es, desde o momento em que a empresa foi a vencedora da licita\u00e7\u00e3o para a realiza\u00e7\u00e3o do evento sempre se teve em mente montar um casting de profissionais de Carangola para ministrarem os cursos. \u201cSempre tivemos em mente que poder\u00edamos levar para este evento profissionais de nossa cidade. Assim como nossa empresa se mostrou eficiente para ter o projeto do evento vencedor da concorr\u00eancia p\u00fablica, tamb\u00e9m t\u00ednhamos a certeza de que Carangola disp\u00f5e de profissionais de alt\u00edssimo gabarito que teriam condi\u00e7\u00f5es de realizar um grande trabalho. Todos os professores abra\u00e7aram o projeto, se empenharam e deram um verdadeiro show de compet\u00eancia e capacidade. Estamos muito felizes com o resultado final do projeto\u201d, disse.<\/span><\/p>\n<p style=\"text-align: justify;\"><span style=\"color: #ff0000;\">Outras imagens:<\/span><\/p>\n<p style=\"text-align: justify;\"><span style=\"color: #ff0000;\"><img loading=\"lazy\" decoding=\"async\" src=\"https:\/\/4.bp.blogspot.com\/-svuWvnSeIC0\/T5GmYpYVW4I\/AAAAAAAB28Y\/zR0_2r7sm9c\/s320\/DSCF0256.jpg\" border=\"0\" alt=\"\" width=\"300\" height=\"226\" \/><\/span><\/p>\n<p style=\"text-align: justify;\"><span style=\"color: #ff0000;\"><img loading=\"lazy\" decoding=\"async\" src=\"https:\/\/1.bp.blogspot.com\/-BLr_Y4aZS6k\/T5GmZwYQTMI\/AAAAAAAB28g\/UexKbLTOv9Q\/s320\/DSCF0339.jpg\" border=\"0\" alt=\"\" width=\"300\" height=\"226\" \/><\/span><\/p>\n<p style=\"text-align: justify;\"><span style=\"color: #ff0000;\"><img loading=\"lazy\" decoding=\"async\" src=\"https:\/\/4.bp.blogspot.com\/-NEIcrEdztXU\/T5Gmddzer2I\/AAAAAAAB28w\/1eRkXXOimx4\/s320\/DSCF0382.jpg\" border=\"0\" alt=\"\" width=\"300\" height=\"226\" \/><\/span><\/p>\n<p style=\"text-align: justify;\"><span style=\"color: #ff0000;\"><img loading=\"lazy\" decoding=\"async\" src=\"https:\/\/1.bp.blogspot.com\/-_X1E7s07aeI\/T5Gmbqir9uI\/AAAAAAAB28o\/ZzR4UVcJ2vs\/s320\/DSCF0356.jpg\" border=\"0\" alt=\"\" width=\"300\" height=\"226\" \/><\/span><span style=\"color: #ff0000;\">\u00a0<\/span><\/p>\n<p style=\"text-align: justify;\"><span style=\"color: #ff0000;\"><span style=\"color: #ff0000;\"><span style=\"color: #ff0000;\"><img loading=\"lazy\" decoding=\"async\" src=\"https:\/\/3.bp.blogspot.com\/-xzG2qzThNKM\/T5GmekdbwcI\/AAAAAAAB284\/62r1vBkzsTQ\/s320\/DSCF0427.jpg\" border=\"0\" alt=\"\" width=\"300\" height=\"226\" \/><\/span><\/span><\/span><\/p>\n<p style=\"text-align: justify;\"><span style=\"color: #ff0000;\"><span style=\"color: #ff0000;\"><\/span><\/span><span style=\"color: #ff0000;\"><span style=\"color: #ff0000;\"><span style=\"color: #ff0000;\"><span style=\"color: #ff0000;\"><span style=\"color: #ff0000;\"><span style=\"color: #ff0000;\"><span style=\"color: #ff0000;\"><img loading=\"lazy\" decoding=\"async\" src=\"https:\/\/2.bp.blogspot.com\/-YCoXlBHo9Ho\/T5GmfvKaqcI\/AAAAAAAB29A\/Tcsk5lT7EQ4\/s320\/DSCF0440.jpg\" border=\"0\" alt=\"\" width=\"300\" height=\"226\" \/><\/span><\/span><\/span><\/span><\/span><\/span><\/span><\/p>\n<p style=\"color: #888888;\">\n<p style=\"color: #888888;\">\n<p style=\"color: #888888;\">\n<p style=\"text-align: justify;\"><span style=\"color: #808080;\"><strong>Por: Click Carangola<\/strong><\/span><\/p>\n","protected":false},"excerpt":{"rendered":"<p>Aconteceu no per\u00edodo de 12 a 14 de abril na cidade de\u00a0\u00a0Sumidouro (RJ), o 1\u00ba Semin\u00e1rio de Educa\u00e7\u00e3o. O\u00a0evento foi realizado pela Prefeitura, atrav\u00e9s da Secretaria Municipal de Educa\u00e7\u00e3o e teve como organizadora a empresa carangolense Absolut Produ\u00e7\u00f5es e Eventos. A convite da Absolut Produ\u00e7\u00f5es os professores carangolenses S\u00f4nia Maria Paula, Ivete Monteiro, Martha Christina [&hellip;]<\/p>\n","protected":false},"author":2,"featured_media":0,"comment_status":"open","ping_status":"open","sticky":false,"template":"","format":"standard","meta":{"footnotes":""},"categories":[37],"tags":[],"class_list":["post-4948","post","type-post","status-publish","format-standard","hentry","category-carangola-mg"],"_links":{"self":[{"href":"https:\/\/clickcarangola.com.br\/site\/wp-json\/wp\/v2\/posts\/4948","targetHints":{"allow":["GET"]}}],"collection":[{"href":"https:\/\/clickcarangola.com.br\/site\/wp-json\/wp\/v2\/posts"}],"about":[{"href":"https:\/\/clickcarangola.com.br\/site\/wp-json\/wp\/v2\/types\/post"}],"author":[{"embeddable":true,"href":"https:\/\/clickcarangola.com.br\/site\/wp-json\/wp\/v2\/users\/2"}],"replies":[{"embeddable":true,"href":"https:\/\/clickcarangola.com.br\/site\/wp-json\/wp\/v2\/comments?post=4948"}],"version-history":[{"count":18,"href":"https:\/\/clickcarangola.com.br\/site\/wp-json\/wp\/v2\/posts\/4948\/revisions"}],"predecessor-version":[{"id":4950,"href":"https:\/\/clickcarangola.com.br\/site\/wp-json\/wp\/v2\/posts\/4948\/revisions\/4950"}],"wp:attachment":[{"href":"https:\/\/clickcarangola.com.br\/site\/wp-json\/wp\/v2\/media?parent=4948"}],"wp:term":[{"taxonomy":"category","embeddable":true,"href":"https:\/\/clickcarangola.com.br\/site\/wp-json\/wp\/v2\/categories?post=4948"},{"taxonomy":"post_tag","embeddable":true,"href":"https:\/\/clickcarangola.com.br\/site\/wp-json\/wp\/v2\/tags?post=4948"}],"curies":[{"name":"wp","href":"https:\/\/api.w.org\/{rel}","templated":true}]}}