{"id":49525,"date":"2024-03-15T15:00:06","date_gmt":"2024-03-15T18:00:06","guid":{"rendered":"https:\/\/clickcarangola.com.br\/site\/?p=49525"},"modified":"2024-03-16T19:17:47","modified_gmt":"2024-03-16T22:17:47","slug":"detento-e-encontrado-morto-dentro-de-cela-no-presidio-regional-vitima-teria-sido-asfixiada","status":"publish","type":"post","link":"https:\/\/clickcarangola.com.br\/site\/15\/03\/2024\/detento-e-encontrado-morto-dentro-de-cela-no-presidio-regional-vitima-teria-sido-asfixiada\/","title":{"rendered":"Detento \u00e9 encontrado morto dentro de cela no pres\u00eddio regional; v\u00edtima teria sido asfixiada"},"content":{"rendered":"<p><img loading=\"lazy\" decoding=\"async\" class=\"alignleft\" src=\"https:\/\/clickcarangola.com.br\/site\/wp-content\/uploads\/2024\/03\/Detento-\u00e9-encontrado-morto-01.jpg\" alt=\"\" width=\"300\" height=\"226\" \/>MURIA\u00c9 &#8211; Um detento, que estava preso no pres\u00eddio do Bairro Safira, foi encontrado morto, nesta sexta-feira (15), dentro de uma cela.<\/p>\n<p>Segundo informa\u00e7\u00f5es apuradas no local, a v\u00edtima, identificada como Raphael Gomes Guerra Feres, de 35 anos, deu entrada ainda ontem \u00e0 tarde no pres\u00eddio, ap\u00f3s o cumprimento de um mandado de pris\u00e3o por tr\u00e1fico de drogas.<!--more--><\/p>\n<p>Ele foi encontrado ap\u00f3s os policiais penais serem chamados pelos pr\u00f3prios detentos. Imediatamente, a v\u00edtima foi levada para a ala de sa\u00fade do pres\u00eddio. Uma equipe do SAMU 192 foi acionada e constatou o \u00f3bito. A per\u00edcia t\u00e9cnica tamb\u00e9m realizou os primeiros levantamentos.<\/p>\n<p>A Pol\u00edcia Civil (PC) &#8211; 197, atrav\u00e9s da Delegacia de Homic\u00eddios e Prote\u00e7\u00e3o \u00e0 Pessoa (DHPP) j\u00e1 iniciou as investiga\u00e7\u00f5es. Procurada, a Secretaria de Estado de Justi\u00e7a e Seguran\u00e7a P\u00fablica (SEJUSP) respons\u00e1vel pelo pres\u00eddio, emitiu uma nota de esclarecimento e informou que um procedimento interno ir\u00e1 apurar administrativamente o ocorrido.<\/p>\n<p><strong>Confira a nota emitida pela SEJUSP<\/strong><\/p>\n<p><em>Informamos que nesta sexta-feira (15), por volta das 12h, policiais penais do Pres\u00eddio de Muria\u00e9 foram acionados por detentos de uma das celas da unidade, em raz\u00e3o de um preso que estava ca\u00eddo no ch\u00e3o e sem os movimentos. Imediatamente, ele foi retirado do local e levado ao setor de sa\u00fade do pres\u00eddio. Diante da situa\u00e7\u00e3o, o SAMU foi acionado prontamente e, apesar de todo o atendimento feito pelos profissionais, o preso foi a \u00f3bito. Raphael Gomes Guerra Feres, de 35 anos, teve registro de admiss\u00e3o na unidade prisional nessa quinta-feira (14). A dire\u00e7\u00e3o do Pres\u00eddio de Muria\u00e9 instaurou um procedimento interno que ir\u00e1 apurar administrativamente o ocorrido. As investiga\u00e7\u00f5es criminais s\u00e3o de responsabilidade da Pol\u00edcia Civil.<\/em><\/p>\n<p><strong>Confira as imagens:<\/strong><\/p>\n<p><img loading=\"lazy\" decoding=\"async\" src=\"https:\/\/clickcarangola.com.br\/site\/wp-content\/uploads\/2024\/03\/Detento-\u00e9-encontrado-morto-01.jpg\" alt=\"\" width=\"400\" height=\"300\" \/><br \/>\n<img loading=\"lazy\" decoding=\"async\" src=\"https:\/\/clickcarangola.com.br\/site\/wp-content\/uploads\/2024\/03\/Detento-\u00e9-encontrado-morto-02.jpg\" alt=\"\" width=\"400\" height=\"300\" \/><br \/>\n<img loading=\"lazy\" decoding=\"async\" src=\"https:\/\/clickcarangola.com.br\/site\/wp-content\/uploads\/2024\/03\/Detento-\u00e9-encontrado-morto-03.jpg\" alt=\"\" width=\"400\" height=\"300\" \/><br \/>\n<img loading=\"lazy\" decoding=\"async\" src=\"https:\/\/clickcarangola.com.br\/site\/wp-content\/uploads\/2024\/03\/Detento-\u00e9-encontrado-morto-04.jpg\" alt=\"\" width=\"400\" height=\"300\" \/><\/p>\n<p><strong>Por: Click Carangola<\/strong> | Com informa\u00e7\u00f5es da PC e R\u00e1dio Muria\u00e9.<\/p>\n","protected":false},"excerpt":{"rendered":"<p>MURIA\u00c9 &#8211; Um detento, que estava preso no pres\u00eddio do Bairro Safira, foi encontrado morto, nesta sexta-feira (15), dentro de uma cela. Segundo informa\u00e7\u00f5es apuradas no local, a v\u00edtima, identificada como Raphael Gomes Guerra Feres, de 35 anos, deu entrada ainda ontem \u00e0 tarde no pres\u00eddio, ap\u00f3s o cumprimento de um mandado de pris\u00e3o por [&hellip;]<\/p>\n","protected":false},"author":2,"featured_media":49529,"comment_status":"open","ping_status":"open","sticky":false,"template":"","format":"standard","meta":{"footnotes":""},"categories":[1],"tags":[],"class_list":["post-49525","post","type-post","status-publish","format-standard","has-post-thumbnail","hentry","category-regional"],"_links":{"self":[{"href":"https:\/\/clickcarangola.com.br\/site\/wp-json\/wp\/v2\/posts\/49525","targetHints":{"allow":["GET"]}}],"collection":[{"href":"https:\/\/clickcarangola.com.br\/site\/wp-json\/wp\/v2\/posts"}],"about":[{"href":"https:\/\/clickcarangola.com.br\/site\/wp-json\/wp\/v2\/types\/post"}],"author":[{"embeddable":true,"href":"https:\/\/clickcarangola.com.br\/site\/wp-json\/wp\/v2\/users\/2"}],"replies":[{"embeddable":true,"href":"https:\/\/clickcarangola.com.br\/site\/wp-json\/wp\/v2\/comments?post=49525"}],"version-history":[{"count":7,"href":"https:\/\/clickcarangola.com.br\/site\/wp-json\/wp\/v2\/posts\/49525\/revisions"}],"predecessor-version":[{"id":49536,"href":"https:\/\/clickcarangola.com.br\/site\/wp-json\/wp\/v2\/posts\/49525\/revisions\/49536"}],"wp:featuredmedia":[{"embeddable":true,"href":"https:\/\/clickcarangola.com.br\/site\/wp-json\/wp\/v2\/media\/49529"}],"wp:attachment":[{"href":"https:\/\/clickcarangola.com.br\/site\/wp-json\/wp\/v2\/media?parent=49525"}],"wp:term":[{"taxonomy":"category","embeddable":true,"href":"https:\/\/clickcarangola.com.br\/site\/wp-json\/wp\/v2\/categories?post=49525"},{"taxonomy":"post_tag","embeddable":true,"href":"https:\/\/clickcarangola.com.br\/site\/wp-json\/wp\/v2\/tags?post=49525"}],"curies":[{"name":"wp","href":"https:\/\/api.w.org\/{rel}","templated":true}]}}