{"id":49538,"date":"2024-03-17T18:00:54","date_gmt":"2024-03-17T21:00:54","guid":{"rendered":"https:\/\/clickcarangola.com.br\/site\/?p=49538"},"modified":"2024-03-18T10:24:39","modified_gmt":"2024-03-18T13:24:39","slug":"jogador-do-alvorada-futebol-clube-a-f-c-morre-em-acidente-na-mg-482","status":"publish","type":"post","link":"https:\/\/clickcarangola.com.br\/site\/17\/03\/2024\/jogador-do-alvorada-futebol-clube-a-f-c-morre-em-acidente-na-mg-482\/","title":{"rendered":"Jogador do Alvorada Futebol Clube (A.F.C) morre em acidente na MG-482"},"content":{"rendered":"<p><img loading=\"lazy\" decoding=\"async\" class=\"alignleft\" src=\"https:\/\/clickcarangola.com.br\/site\/wp-content\/uploads\/2024\/03\/Jogador-do-Alvorada-Futebol-Clube.jpg\" alt=\"\" width=\"300\" height=\"226\" \/>CARANGOLA &#8211; Um jovem, identificado como Deivid Faria Costa, de 20 anos, jogador do Alvorada F.C, morreu em um grave acidente na MG-482, neste domingo (17), ap\u00f3s a moto em que pilotava colidir com um ve\u00edculo.<\/p>\n<p>N\u00e3o h\u00e1 informa\u00e7\u00f5es sobre as causas do acidente que tirou a vida do atleta e motociclista. A Pol\u00edcia Militar Rodovi\u00e1ria (PMRv) compareceu ao local, sinalizou o tr\u00e2nsito e ficou a cargo do registro da ocorr\u00eancia.<!--more--><\/p>\n<p>Uma equipe do SAMU 192 foi ao local e constatou o \u00f3bito. O acidente ocorreu na altura da regi\u00e3o conhecida como &#8220;Canos D&#8217;\u00e1gua&#8221;, pr\u00f3ximo a cidade de Carangola.<\/p>\n<p>A per\u00edcia t\u00e9cnica da Pol\u00edcia Civil (PC) depois dos trabalhos na cena do acidente liberou o corpo ao Instituto M\u00e9dico Legal (IML). Deivid ser\u00e1 velado e sepultado no Distrito de S\u00e3o Manoel.<\/p>\n<p><strong>Por: Click Carangola<\/strong> | Com informa\u00e7\u00f5es da PMRv e R\u00e1dio Muria\u00e9.<\/p>\n","protected":false},"excerpt":{"rendered":"<p>CARANGOLA &#8211; Um jovem, identificado como Deivid Faria Costa, de 20 anos, jogador do Alvorada F.C, morreu em um grave acidente na MG-482, neste domingo (17), ap\u00f3s a moto em que pilotava colidir com um ve\u00edculo. N\u00e3o h\u00e1 informa\u00e7\u00f5es sobre as causas do acidente que tirou a vida do atleta e motociclista. A Pol\u00edcia Militar [&hellip;]<\/p>\n","protected":false},"author":2,"featured_media":49542,"comment_status":"open","ping_status":"open","sticky":false,"template":"","format":"standard","meta":{"footnotes":""},"categories":[37],"tags":[],"class_list":["post-49538","post","type-post","status-publish","format-standard","has-post-thumbnail","hentry","category-carangola-mg"],"_links":{"self":[{"href":"https:\/\/clickcarangola.com.br\/site\/wp-json\/wp\/v2\/posts\/49538","targetHints":{"allow":["GET"]}}],"collection":[{"href":"https:\/\/clickcarangola.com.br\/site\/wp-json\/wp\/v2\/posts"}],"about":[{"href":"https:\/\/clickcarangola.com.br\/site\/wp-json\/wp\/v2\/types\/post"}],"author":[{"embeddable":true,"href":"https:\/\/clickcarangola.com.br\/site\/wp-json\/wp\/v2\/users\/2"}],"replies":[{"embeddable":true,"href":"https:\/\/clickcarangola.com.br\/site\/wp-json\/wp\/v2\/comments?post=49538"}],"version-history":[{"count":10,"href":"https:\/\/clickcarangola.com.br\/site\/wp-json\/wp\/v2\/posts\/49538\/revisions"}],"predecessor-version":[{"id":49546,"href":"https:\/\/clickcarangola.com.br\/site\/wp-json\/wp\/v2\/posts\/49538\/revisions\/49546"}],"wp:featuredmedia":[{"embeddable":true,"href":"https:\/\/clickcarangola.com.br\/site\/wp-json\/wp\/v2\/media\/49542"}],"wp:attachment":[{"href":"https:\/\/clickcarangola.com.br\/site\/wp-json\/wp\/v2\/media?parent=49538"}],"wp:term":[{"taxonomy":"category","embeddable":true,"href":"https:\/\/clickcarangola.com.br\/site\/wp-json\/wp\/v2\/categories?post=49538"},{"taxonomy":"post_tag","embeddable":true,"href":"https:\/\/clickcarangola.com.br\/site\/wp-json\/wp\/v2\/tags?post=49538"}],"curies":[{"name":"wp","href":"https:\/\/api.w.org\/{rel}","templated":true}]}}