{"id":49637,"date":"2024-04-29T03:00:15","date_gmt":"2024-04-29T06:00:15","guid":{"rendered":"https:\/\/clickcarangola.com.br\/site\/?p=49637"},"modified":"2024-04-29T11:30:41","modified_gmt":"2024-04-29T14:30:41","slug":"motorista-pula-de-carreta-antes-do-veiculo-cair-de-ponte-de-10-metros-na-br-356","status":"publish","type":"post","link":"https:\/\/clickcarangola.com.br\/site\/29\/04\/2024\/motorista-pula-de-carreta-antes-do-veiculo-cair-de-ponte-de-10-metros-na-br-356\/","title":{"rendered":"Motorista pula de carreta antes do ve\u00edculo cair de ponte de 10 metros na BR-356"},"content":{"rendered":"<p><img loading=\"lazy\" decoding=\"async\" class=\"alignleft\" src=\"https:\/\/clickcarangola.com.br\/site\/wp-content\/uploads\/2024\/04\/Motorista-pula-de-carreta.jpg\" alt=\"\" width=\"300\" height=\"226\" \/>MURIA\u00c9 &#8211; Um motorista, ficou ferido, ap\u00f3s pular da carreta em que dirigia, antes do ve\u00edculo cair de uma ponte de 10 metros de altura, na BR-356, em Muria\u00e9.<\/p>\n<p>De acordo com o Corpo de Bombeiros (CB) &#8211; 193, o condutor perdeu o controle da carreta, que desceu a ribanceira e parou dentro de um rio.<!--more--><\/p>\n<p>Aos militares, a v\u00edtima disse que, ao perceber que o ve\u00edculo ia cair, conseguiu saltar da cabine. O homem teve ferimentos leves e foi levado para atendimento m\u00e9dico.<\/p>\n<p>A Pol\u00edcia Rodovi\u00e1ria Federal (PRF) &#8211; 191 esteve no local para demais provid\u00eancias. As causas do acidente ser\u00e3o apuradas.<\/p>\n<p><strong>Confira as imagens:<\/strong><\/p>\n<p><img loading=\"lazy\" decoding=\"async\" src=\"https:\/\/clickcarangola.com.br\/site\/wp-content\/uploads\/2024\/04\/Motorista-pula-de-carreta.jpg\" alt=\"\" width=\"400\" height=\"300\" \/><\/p>\n<p><strong>Por: Click Carangola<\/strong> | Com informa\u00e7\u00f5es do G1 e R\u00e1dio Muria\u00e9.<\/p>\n","protected":false},"excerpt":{"rendered":"<p>MURIA\u00c9 &#8211; Um motorista, ficou ferido, ap\u00f3s pular da carreta em que dirigia, antes do ve\u00edculo cair de uma ponte de 10 metros de altura, na BR-356, em Muria\u00e9. De acordo com o Corpo de Bombeiros (CB) &#8211; 193, o condutor perdeu o controle da carreta, que desceu a ribanceira e parou dentro de um [&hellip;]<\/p>\n","protected":false},"author":2,"featured_media":49638,"comment_status":"open","ping_status":"open","sticky":false,"template":"","format":"standard","meta":{"footnotes":""},"categories":[1],"tags":[],"class_list":["post-49637","post","type-post","status-publish","format-standard","has-post-thumbnail","hentry","category-regional"],"_links":{"self":[{"href":"https:\/\/clickcarangola.com.br\/site\/wp-json\/wp\/v2\/posts\/49637","targetHints":{"allow":["GET"]}}],"collection":[{"href":"https:\/\/clickcarangola.com.br\/site\/wp-json\/wp\/v2\/posts"}],"about":[{"href":"https:\/\/clickcarangola.com.br\/site\/wp-json\/wp\/v2\/types\/post"}],"author":[{"embeddable":true,"href":"https:\/\/clickcarangola.com.br\/site\/wp-json\/wp\/v2\/users\/2"}],"replies":[{"embeddable":true,"href":"https:\/\/clickcarangola.com.br\/site\/wp-json\/wp\/v2\/comments?post=49637"}],"version-history":[{"count":6,"href":"https:\/\/clickcarangola.com.br\/site\/wp-json\/wp\/v2\/posts\/49637\/revisions"}],"predecessor-version":[{"id":49644,"href":"https:\/\/clickcarangola.com.br\/site\/wp-json\/wp\/v2\/posts\/49637\/revisions\/49644"}],"wp:featuredmedia":[{"embeddable":true,"href":"https:\/\/clickcarangola.com.br\/site\/wp-json\/wp\/v2\/media\/49638"}],"wp:attachment":[{"href":"https:\/\/clickcarangola.com.br\/site\/wp-json\/wp\/v2\/media?parent=49637"}],"wp:term":[{"taxonomy":"category","embeddable":true,"href":"https:\/\/clickcarangola.com.br\/site\/wp-json\/wp\/v2\/categories?post=49637"},{"taxonomy":"post_tag","embeddable":true,"href":"https:\/\/clickcarangola.com.br\/site\/wp-json\/wp\/v2\/tags?post=49637"}],"curies":[{"name":"wp","href":"https:\/\/api.w.org\/{rel}","templated":true}]}}