{"id":49667,"date":"2024-05-13T11:36:20","date_gmt":"2024-05-13T14:36:20","guid":{"rendered":"https:\/\/clickcarangola.com.br\/site\/?p=49667"},"modified":"2024-05-13T11:53:15","modified_gmt":"2024-05-13T14:53:15","slug":"motociclista-morre-apos-carro-invadir-a-contramao-na-br-356-obito-foi-confirmado-pelo-samu","status":"publish","type":"post","link":"https:\/\/clickcarangola.com.br\/site\/13\/05\/2024\/motociclista-morre-apos-carro-invadir-a-contramao-na-br-356-obito-foi-confirmado-pelo-samu\/","title":{"rendered":"Motociclista morre ap\u00f3s carro invadir a contram\u00e3o na BR-356; \u00f3bito foi confirmado pelo SAMU"},"content":{"rendered":"<p><img loading=\"lazy\" decoding=\"async\" class=\"alignleft\" src=\"https:\/\/clickcarangola.com.br\/site\/wp-content\/uploads\/2024\/05\/Motociclista-morre-01.jpeg\" alt=\"\" width=\"300\" height=\"226\" \/>ROS\u00c1RIO DA LIMEIRA &#8211; Um motociclista, morreu nesta segunda-feira (13), ap\u00f3s bater de frente com um carro da Prefeitura de Dom Silv\u00e9rio-MG. O acidente aconteceu na BR-356, na altura de Ancorado, Distrito que pertence a Ros\u00e1rio da Limeira.<\/p>\n<p>Braz Geraldo Godinho era natural de Ros\u00e1rio da Limeira-MG, mas, atualmente estava morando no Bairro Dornelas. O \u00f3bito foi confirmado por uma equipe do Servi\u00e7o de Atendimento M\u00f3vel de Urg\u00eancia (SAMU) &#8211; 192 que foi at\u00e9 o local.<!--more--><\/p>\n<p>Pelas imagens, o motorista do carro teria invadido a contram\u00e3o dentro de uma curva, n\u00e3o dando chances para o motociclista desviar. Motoristas que passavam pelo local e moradores da regi\u00e3o disseram que o motorista do carro n\u00e3o se feriu, mas devido ao choque, precisou receber atendimento do SAMU.<\/p>\n<p>A per\u00edcia t\u00e9cnica da Pol\u00edcia Civil (PC) foi acionada e realizou todos os procedimentos para a libera\u00e7\u00e3o do corpo. Durante a manh\u00e3, o tr\u00e2nsito funcionou em meia pista. A Pol\u00edcia Militar (PM) &#8211; 190 controlou o fluxo de ve\u00edculos at\u00e9 a retirada do corpo.<\/p>\n<p><strong>Confira as imagens:<\/strong><\/p>\n<p><img loading=\"lazy\" decoding=\"async\" src=\"https:\/\/clickcarangola.com.br\/site\/wp-content\/uploads\/2024\/05\/Motociclista-morre-01.jpeg\" alt=\"\" width=\"400\" height=\"300\" \/><br \/>\n<img loading=\"lazy\" decoding=\"async\" src=\"https:\/\/clickcarangola.com.br\/site\/wp-content\/uploads\/2024\/05\/Motociclista-morre-02.jpeg\" alt=\"\" width=\"400\" height=\"300\" \/><br \/>\n<img loading=\"lazy\" decoding=\"async\" src=\"https:\/\/clickcarangola.com.br\/site\/wp-content\/uploads\/2024\/05\/Motociclista-morre-03.jpeg\" alt=\"\" width=\"400\" height=\"300\" \/><br \/>\n<img loading=\"lazy\" decoding=\"async\" src=\"https:\/\/clickcarangola.com.br\/site\/wp-content\/uploads\/2024\/05\/Motociclista-morre-04.jpeg\" alt=\"\" width=\"400\" height=\"300\" \/><br \/>\n<img loading=\"lazy\" decoding=\"async\" src=\"https:\/\/clickcarangola.com.br\/site\/wp-content\/uploads\/2024\/05\/Motociclista-morre-05.jpeg\" alt=\"\" width=\"400\" height=\"300\" \/><br \/>\n<img loading=\"lazy\" decoding=\"async\" src=\"https:\/\/clickcarangola.com.br\/site\/wp-content\/uploads\/2024\/05\/Motociclista-morre-06.jpeg\" alt=\"\" width=\"400\" height=\"300\" \/><br \/>\n<img loading=\"lazy\" decoding=\"async\" src=\"https:\/\/clickcarangola.com.br\/site\/wp-content\/uploads\/2024\/05\/Motociclista-morre-07.jpeg\" alt=\"\" width=\"400\" height=\"300\" \/><br \/>\n<img loading=\"lazy\" decoding=\"async\" src=\"https:\/\/clickcarangola.com.br\/site\/wp-content\/uploads\/2024\/05\/Motociclista-morre-08.jpeg\" alt=\"\" width=\"400\" height=\"300\" \/><br \/>\n<img loading=\"lazy\" decoding=\"async\" src=\"https:\/\/clickcarangola.com.br\/site\/wp-content\/uploads\/2024\/05\/Motociclista-morre-09.jpeg\" alt=\"\" width=\"400\" height=\"300\" \/><br \/>\n<img loading=\"lazy\" decoding=\"async\" src=\"https:\/\/clickcarangola.com.br\/site\/wp-content\/uploads\/2024\/05\/Motociclista-morre-10.jpeg\" alt=\"\" width=\"400\" height=\"300\" \/><\/p>\n<p><strong>Por: Click Carangola<\/strong> | Com informa\u00e7\u00f5es da PM e R\u00e1dio Muria\u00e9.<\/p>\n","protected":false},"excerpt":{"rendered":"<p>ROS\u00c1RIO DA LIMEIRA &#8211; Um motociclista, morreu nesta segunda-feira (13), ap\u00f3s bater de frente com um carro da Prefeitura de Dom Silv\u00e9rio-MG. O acidente aconteceu na BR-356, na altura de Ancorado, Distrito que pertence a Ros\u00e1rio da Limeira. Braz Geraldo Godinho era natural de Ros\u00e1rio da Limeira-MG, mas, atualmente estava morando no Bairro Dornelas. O [&hellip;]<\/p>\n","protected":false},"author":2,"featured_media":49668,"comment_status":"open","ping_status":"open","sticky":false,"template":"","format":"standard","meta":{"footnotes":""},"categories":[1],"tags":[],"class_list":["post-49667","post","type-post","status-publish","format-standard","has-post-thumbnail","hentry","category-regional"],"_links":{"self":[{"href":"https:\/\/clickcarangola.com.br\/site\/wp-json\/wp\/v2\/posts\/49667","targetHints":{"allow":["GET"]}}],"collection":[{"href":"https:\/\/clickcarangola.com.br\/site\/wp-json\/wp\/v2\/posts"}],"about":[{"href":"https:\/\/clickcarangola.com.br\/site\/wp-json\/wp\/v2\/types\/post"}],"author":[{"embeddable":true,"href":"https:\/\/clickcarangola.com.br\/site\/wp-json\/wp\/v2\/users\/2"}],"replies":[{"embeddable":true,"href":"https:\/\/clickcarangola.com.br\/site\/wp-json\/wp\/v2\/comments?post=49667"}],"version-history":[{"count":6,"href":"https:\/\/clickcarangola.com.br\/site\/wp-json\/wp\/v2\/posts\/49667\/revisions"}],"predecessor-version":[{"id":49683,"href":"https:\/\/clickcarangola.com.br\/site\/wp-json\/wp\/v2\/posts\/49667\/revisions\/49683"}],"wp:featuredmedia":[{"embeddable":true,"href":"https:\/\/clickcarangola.com.br\/site\/wp-json\/wp\/v2\/media\/49668"}],"wp:attachment":[{"href":"https:\/\/clickcarangola.com.br\/site\/wp-json\/wp\/v2\/media?parent=49667"}],"wp:term":[{"taxonomy":"category","embeddable":true,"href":"https:\/\/clickcarangola.com.br\/site\/wp-json\/wp\/v2\/categories?post=49667"},{"taxonomy":"post_tag","embeddable":true,"href":"https:\/\/clickcarangola.com.br\/site\/wp-json\/wp\/v2\/tags?post=49667"}],"curies":[{"name":"wp","href":"https:\/\/api.w.org\/{rel}","templated":true}]}}