{"id":49695,"date":"2024-05-18T08:00:39","date_gmt":"2024-05-18T11:00:39","guid":{"rendered":"https:\/\/clickcarangola.com.br\/site\/?p=49695"},"modified":"2024-05-19T18:38:12","modified_gmt":"2024-05-19T21:38:12","slug":"colisao-entre-fusca-e-caminhonete-deixa-duas-pessoas-mortas-e-seis-feridos-na-br-116","status":"publish","type":"post","link":"https:\/\/clickcarangola.com.br\/site\/18\/05\/2024\/colisao-entre-fusca-e-caminhonete-deixa-duas-pessoas-mortas-e-seis-feridos-na-br-116\/","title":{"rendered":"Colis\u00e3o entre fusca e caminhonete deixa duas pessoas mortas e seis feridos na BR-116"},"content":{"rendered":"<p><img loading=\"lazy\" decoding=\"async\" class=\"alignleft\" src=\"https:\/\/clickcarangola.com.br\/site\/wp-content\/uploads\/2024\/05\/Fusca-e-caminhonete.jpg\" alt=\"\" width=\"300\" height=\"226\" \/>LEOPOLDINA &#8211; Duas pessoas morreram e outras seis ficaram feridas, em um grave acidente registrado na noite desta sexta-feira (17\/05), na BR-116, em Leopoldina-MG. A colis\u00e3o envolveu uma caminhonete e um fusca, que havia sete pessoas dentro.<\/p>\n<p>Dentre os feridos, est\u00e1 uma crian\u00e7a de 07 anos. Ela foi socorrida pelos bombeiros militares e levada ao Hospital Casa de Caridade Leopoldinense, em estado grav\u00edssimo.<!--more--><\/p>\n<p>Equipes do Corpo de Bombeiros (CB) &#8211; 193, SAMU 192 e EcoRioMinas ajudaram no socorro \u00e0s v\u00edtimas. A Pol\u00edcia Rodovi\u00e1ria Federal (PRF) &#8211; 191 foi acionada e ajudou a controlar o tr\u00e2nsito, que ficou parcialmente interditado durante a a\u00e7\u00e3o dos socorristas.<\/p>\n<p>A per\u00edcia t\u00e9cnica da Pol\u00edcia Civil (PC) tamb\u00e9m esteve no local e colheu informa\u00e7\u00f5es, para apurar o que pode ter provocado o acidente.<\/p>\n<p>A identidade das v\u00edtimas e as placas dos ve\u00edculos n\u00e3o foram divulgados pelas autoridades.<\/p>\n<p><strong>Por: Click Carangola<\/strong> | Com informa\u00e7\u00f5es Marcelo Lopes e R\u00e1dio Muria\u00e9.<\/p>\n","protected":false},"excerpt":{"rendered":"<p>LEOPOLDINA &#8211; Duas pessoas morreram e outras seis ficaram feridas, em um grave acidente registrado na noite desta sexta-feira (17\/05), na BR-116, em Leopoldina-MG. A colis\u00e3o envolveu uma caminhonete e um fusca, que havia sete pessoas dentro. Dentre os feridos, est\u00e1 uma crian\u00e7a de 07 anos. Ela foi socorrida pelos bombeiros militares e levada ao [&hellip;]<\/p>\n","protected":false},"author":2,"featured_media":49698,"comment_status":"open","ping_status":"open","sticky":false,"template":"","format":"standard","meta":{"footnotes":""},"categories":[1],"tags":[],"class_list":["post-49695","post","type-post","status-publish","format-standard","has-post-thumbnail","hentry","category-regional"],"_links":{"self":[{"href":"https:\/\/clickcarangola.com.br\/site\/wp-json\/wp\/v2\/posts\/49695","targetHints":{"allow":["GET"]}}],"collection":[{"href":"https:\/\/clickcarangola.com.br\/site\/wp-json\/wp\/v2\/posts"}],"about":[{"href":"https:\/\/clickcarangola.com.br\/site\/wp-json\/wp\/v2\/types\/post"}],"author":[{"embeddable":true,"href":"https:\/\/clickcarangola.com.br\/site\/wp-json\/wp\/v2\/users\/2"}],"replies":[{"embeddable":true,"href":"https:\/\/clickcarangola.com.br\/site\/wp-json\/wp\/v2\/comments?post=49695"}],"version-history":[{"count":5,"href":"https:\/\/clickcarangola.com.br\/site\/wp-json\/wp\/v2\/posts\/49695\/revisions"}],"predecessor-version":[{"id":49700,"href":"https:\/\/clickcarangola.com.br\/site\/wp-json\/wp\/v2\/posts\/49695\/revisions\/49700"}],"wp:featuredmedia":[{"embeddable":true,"href":"https:\/\/clickcarangola.com.br\/site\/wp-json\/wp\/v2\/media\/49698"}],"wp:attachment":[{"href":"https:\/\/clickcarangola.com.br\/site\/wp-json\/wp\/v2\/media?parent=49695"}],"wp:term":[{"taxonomy":"category","embeddable":true,"href":"https:\/\/clickcarangola.com.br\/site\/wp-json\/wp\/v2\/categories?post=49695"},{"taxonomy":"post_tag","embeddable":true,"href":"https:\/\/clickcarangola.com.br\/site\/wp-json\/wp\/v2\/tags?post=49695"}],"curies":[{"name":"wp","href":"https:\/\/api.w.org\/{rel}","templated":true}]}}