{"id":49724,"date":"2024-05-27T12:00:41","date_gmt":"2024-05-27T15:00:41","guid":{"rendered":"https:\/\/clickcarangola.com.br\/site\/?p=49724"},"modified":"2024-05-27T17:48:28","modified_gmt":"2024-05-27T20:48:28","slug":"motociclista-de-44-anos-morre-em-colisao-frontal-com-automovel-na-br-116","status":"publish","type":"post","link":"https:\/\/clickcarangola.com.br\/site\/27\/05\/2024\/motociclista-de-44-anos-morre-em-colisao-frontal-com-automovel-na-br-116\/","title":{"rendered":"Motociclista de 44 anos morre em colis\u00e3o frontal com autom\u00f3vel na BR-116"},"content":{"rendered":"<p><img loading=\"lazy\" decoding=\"async\" class=\"alignleft\" src=\"https:\/\/clickcarangola.com.br\/site\/wp-content\/uploads\/2024\/05\/Motociclista-morre-na-116.png\" alt=\"\" width=\"300\" height=\"226\" \/>LEOPOLDINA \/ LARANJAL &#8211; Uma colis\u00e3o frontal entre uma motocicleta e um autom\u00f3vel, na BR-116, entre Leopoldina e Laranjal, vitimou um homem, de 44 anos, em mais um grave acidente registrado, na noite deste domingo (26), na regi\u00e3o.<\/p>\n<p>De acordo com a Pol\u00edcia Rodovi\u00e1ria Federal (PRF) &#8211; 191, uma motocicleta (modelo Honda Xr 250 &#8211; Tornado) seguia sentido Laranjal x Leopoldina, no km 742, momento em que chovia, quando se chocou com uma caminhonete (VW Saveiro), que seguia em dire\u00e7\u00e3o contr\u00e1ria.<!--more--><\/p>\n<p>O condutor que era servidor p\u00fablico da cidade de Itamarati de Minas, veio a \u00f3bito ainda no local, sendo constatado por uma equipe da EcoRioMinas.<\/p>\n<p>Com este, soma-se o quarto \u00f3bito confirmado na BR-116 no fim de semana. Outras tr\u00eas mortes foram registradas na regi\u00e3o de Oriz\u00e2nia e Fervedouro.<\/p>\n<p><strong>Por: Click Carangola<\/strong> | Com informa\u00e7\u00f5es da PRF e R\u00e1dio Muria\u00e9.<\/p>\n","protected":false},"excerpt":{"rendered":"<p>LEOPOLDINA \/ LARANJAL &#8211; Uma colis\u00e3o frontal entre uma motocicleta e um autom\u00f3vel, na BR-116, entre Leopoldina e Laranjal, vitimou um homem, de 44 anos, em mais um grave acidente registrado, na noite deste domingo (26), na regi\u00e3o. De acordo com a Pol\u00edcia Rodovi\u00e1ria Federal (PRF) &#8211; 191, uma motocicleta (modelo Honda Xr 250 &#8211; [&hellip;]<\/p>\n","protected":false},"author":2,"featured_media":49725,"comment_status":"open","ping_status":"open","sticky":false,"template":"","format":"standard","meta":{"footnotes":""},"categories":[1],"tags":[],"class_list":["post-49724","post","type-post","status-publish","format-standard","has-post-thumbnail","hentry","category-regional"],"_links":{"self":[{"href":"https:\/\/clickcarangola.com.br\/site\/wp-json\/wp\/v2\/posts\/49724","targetHints":{"allow":["GET"]}}],"collection":[{"href":"https:\/\/clickcarangola.com.br\/site\/wp-json\/wp\/v2\/posts"}],"about":[{"href":"https:\/\/clickcarangola.com.br\/site\/wp-json\/wp\/v2\/types\/post"}],"author":[{"embeddable":true,"href":"https:\/\/clickcarangola.com.br\/site\/wp-json\/wp\/v2\/users\/2"}],"replies":[{"embeddable":true,"href":"https:\/\/clickcarangola.com.br\/site\/wp-json\/wp\/v2\/comments?post=49724"}],"version-history":[{"count":11,"href":"https:\/\/clickcarangola.com.br\/site\/wp-json\/wp\/v2\/posts\/49724\/revisions"}],"predecessor-version":[{"id":49735,"href":"https:\/\/clickcarangola.com.br\/site\/wp-json\/wp\/v2\/posts\/49724\/revisions\/49735"}],"wp:featuredmedia":[{"embeddable":true,"href":"https:\/\/clickcarangola.com.br\/site\/wp-json\/wp\/v2\/media\/49725"}],"wp:attachment":[{"href":"https:\/\/clickcarangola.com.br\/site\/wp-json\/wp\/v2\/media?parent=49724"}],"wp:term":[{"taxonomy":"category","embeddable":true,"href":"https:\/\/clickcarangola.com.br\/site\/wp-json\/wp\/v2\/categories?post=49724"},{"taxonomy":"post_tag","embeddable":true,"href":"https:\/\/clickcarangola.com.br\/site\/wp-json\/wp\/v2\/tags?post=49724"}],"curies":[{"name":"wp","href":"https:\/\/api.w.org\/{rel}","templated":true}]}}