{"id":49778,"date":"2024-06-11T18:00:45","date_gmt":"2024-06-11T21:00:45","guid":{"rendered":"https:\/\/clickcarangola.com.br\/site\/?p=49778"},"modified":"2024-06-12T11:18:35","modified_gmt":"2024-06-12T14:18:35","slug":"duas-pessoas-morrem-em-grave-acidente-na-br-116-envolvendo-dois-carros-vitimas-foram-identificadas","status":"publish","type":"post","link":"https:\/\/clickcarangola.com.br\/site\/11\/06\/2024\/duas-pessoas-morrem-em-grave-acidente-na-br-116-envolvendo-dois-carros-vitimas-foram-identificadas\/","title":{"rendered":"Duas pessoas morrem em grave acidente na BR-116 envolvendo dois carros; v\u00edtimas foram identificadas"},"content":{"rendered":"<p><img loading=\"lazy\" decoding=\"async\" class=\"alignleft\" src=\"https:\/\/clickcarangola.com.br\/site\/wp-content\/uploads\/2024\/06\/Duas-pessoas-morrem-01.jpeg\" alt=\"\" width=\"300\" height=\"226\" \/>DIVINO &#8211; Duas pessoas morreram, na tarde desta ter\u00e7a-feira (11), em um grave acidente envolvendo dois carros na BR-116, na altura do trevo do Distrito de Neblina, no km 631, em Divino &#8211; a cerca de 25 km de Carangola.<\/p>\n<p>Um dos carros envolvidos pertence a Prefeitura de S\u00e3o Jo\u00e3o do Manhua\u00e7u-MG. As v\u00edtimas s\u00e3o: Izabel Santana de Souza, de 46 anos e Manoel Henrique da Silva, de 64 anos.<!--more--><\/p>\n<p>Segundo as primeiras informa\u00e7\u00f5es, os ve\u00edculos se chocaram ap\u00f3s um dos motoristas, que estava em um dos carros, atravessar a via.<\/p>\n<p>O impacto foi t\u00e3o forte que o autom\u00f3vel chegou a capotar. Os outros ocupantes foram socorridos por uma equipe da EcoRioMinas.<\/p>\n<p><strong>Confira as imagens:<\/strong><\/p>\n<p><img loading=\"lazy\" decoding=\"async\" src=\"https:\/\/clickcarangola.com.br\/site\/wp-content\/uploads\/2024\/06\/Duas-pessoas-morrem-01.jpeg\" alt=\"\" width=\"400\" height=\"300\" \/><br \/>\n<img loading=\"lazy\" decoding=\"async\" src=\"https:\/\/clickcarangola.com.br\/site\/wp-content\/uploads\/2024\/06\/Duas-pessoas-morrem-02.jpeg\" alt=\"\" width=\"400\" height=\"300\" \/><\/p>\n<p><strong>Por: Click Carangola <\/strong>| Com informa\u00e7\u00f5es R\u00e1dio Muria\u00e9.<\/p>\n","protected":false},"excerpt":{"rendered":"<p>DIVINO &#8211; Duas pessoas morreram, na tarde desta ter\u00e7a-feira (11), em um grave acidente envolvendo dois carros na BR-116, na altura do trevo do Distrito de Neblina, no km 631, em Divino &#8211; a cerca de 25 km de Carangola. Um dos carros envolvidos pertence a Prefeitura de S\u00e3o Jo\u00e3o do Manhua\u00e7u-MG. As v\u00edtimas s\u00e3o: [&hellip;]<\/p>\n","protected":false},"author":2,"featured_media":49782,"comment_status":"open","ping_status":"open","sticky":false,"template":"","format":"standard","meta":{"footnotes":""},"categories":[43],"tags":[],"class_list":["post-49778","post","type-post","status-publish","format-standard","has-post-thumbnail","hentry","category-divino-mg"],"_links":{"self":[{"href":"https:\/\/clickcarangola.com.br\/site\/wp-json\/wp\/v2\/posts\/49778","targetHints":{"allow":["GET"]}}],"collection":[{"href":"https:\/\/clickcarangola.com.br\/site\/wp-json\/wp\/v2\/posts"}],"about":[{"href":"https:\/\/clickcarangola.com.br\/site\/wp-json\/wp\/v2\/types\/post"}],"author":[{"embeddable":true,"href":"https:\/\/clickcarangola.com.br\/site\/wp-json\/wp\/v2\/users\/2"}],"replies":[{"embeddable":true,"href":"https:\/\/clickcarangola.com.br\/site\/wp-json\/wp\/v2\/comments?post=49778"}],"version-history":[{"count":10,"href":"https:\/\/clickcarangola.com.br\/site\/wp-json\/wp\/v2\/posts\/49778\/revisions"}],"predecessor-version":[{"id":49788,"href":"https:\/\/clickcarangola.com.br\/site\/wp-json\/wp\/v2\/posts\/49778\/revisions\/49788"}],"wp:featuredmedia":[{"embeddable":true,"href":"https:\/\/clickcarangola.com.br\/site\/wp-json\/wp\/v2\/media\/49782"}],"wp:attachment":[{"href":"https:\/\/clickcarangola.com.br\/site\/wp-json\/wp\/v2\/media?parent=49778"}],"wp:term":[{"taxonomy":"category","embeddable":true,"href":"https:\/\/clickcarangola.com.br\/site\/wp-json\/wp\/v2\/categories?post=49778"},{"taxonomy":"post_tag","embeddable":true,"href":"https:\/\/clickcarangola.com.br\/site\/wp-json\/wp\/v2\/tags?post=49778"}],"curies":[{"name":"wp","href":"https:\/\/api.w.org\/{rel}","templated":true}]}}