{"id":49792,"date":"2024-06-14T11:30:23","date_gmt":"2024-06-14T14:30:23","guid":{"rendered":"https:\/\/clickcarangola.com.br\/site\/?p=49792"},"modified":"2024-06-16T12:13:48","modified_gmt":"2024-06-16T15:13:48","slug":"trabalhador-de-24-anos-morre-apos-ser-sugado-por-maquina-em-fabrica-de-alimentos","status":"publish","type":"post","link":"https:\/\/clickcarangola.com.br\/site\/14\/06\/2024\/trabalhador-de-24-anos-morre-apos-ser-sugado-por-maquina-em-fabrica-de-alimentos\/","title":{"rendered":"Trabalhador de 24 anos morre ap\u00f3s ser sugado por m\u00e1quina em f\u00e1brica de alimentos"},"content":{"rendered":"<p><img loading=\"lazy\" decoding=\"async\" class=\"alignleft\" src=\"https:\/\/clickcarangola.com.br\/site\/wp-content\/uploads\/2024\/06\/Trabalhador-de-24-anos-01.jpg\" alt=\"\" width=\"300\" height=\"226\" \/>VISCONDE DO RIO BRANCO &#8211; Um trabalhador, de 24 anos, morreu na manh\u00e3 desta sexta-feira (14), ap\u00f3s ser sugado por uma m\u00e1quina na f\u00e1brica de farinha da Pif Paf, em Visconde do Rio Branco, na Zona da Mata Mineira.<\/p>\n<p>Segundo a Pol\u00edcia Militar (PM) &#8211; 190, o homem trabalhava como operador, quando ligou o equipamento e foi puxado at\u00e9 o pesco\u00e7o. O \u00f3bito da v\u00edtima foi confirmado ainda no local.<!--more--><\/p>\n<p>N\u00e3o foi informado qual tipo de m\u00e1quina o trabalhador operava no momento do acidente, e\u00a0as causas ser\u00e3o apuradas.<\/p>\n<p>Em nota, a\u00a0empresa lamentou a morte do funcion\u00e1rio\u00a0e disse que prestou imediatamente todos os socorros a Fabr\u00edcio da Silva Galv\u00e3o.<\/p>\n<p>&#8220;A empresa est\u00e1 prestando toda a assist\u00eancia necess\u00e1ria \u00e0 fam\u00edlia do colaborador e est\u00e1 em contato com as autoridades para prestar todos os esclarecimentos sobre o ocorrido&#8221;, complementou a Pif Paf em divulga\u00e7\u00e3o \u00e0 imprensa.<\/p>\n<p>J\u00e1 a Pol\u00edcia Civil (PC) &#8211; 197 disse que uma equipe da per\u00edcia esteve no local para a coleta de vest\u00edgios e informa\u00e7\u00f5es que subsidiar\u00e3o as investiga\u00e7\u00f5es. O corpo do rapaz foi encaminhado ao Posto M\u00e9dico Legal para exames.<\/p>\n<p><strong>Confira as imagens:<\/strong><\/p>\n<p><img loading=\"lazy\" decoding=\"async\" src=\"https:\/\/clickcarangola.com.br\/site\/wp-content\/uploads\/2024\/06\/Trabalhador-de-24-anos-01.jpg\" alt=\"\" width=\"400\" height=\"300\" \/><br \/>\n<img loading=\"lazy\" decoding=\"async\" src=\"https:\/\/clickcarangola.com.br\/site\/wp-content\/uploads\/2024\/06\/Trabalhador-de-24-anos-02.jpg\" alt=\"\" width=\"400\" height=\"300\" \/><\/p>\n<p><strong>Por: Click Carangola<\/strong> | Com informa\u00e7\u00f5es do G1.<\/p>\n","protected":false},"excerpt":{"rendered":"<p>VISCONDE DO RIO BRANCO &#8211; Um trabalhador, de 24 anos, morreu na manh\u00e3 desta sexta-feira (14), ap\u00f3s ser sugado por uma m\u00e1quina na f\u00e1brica de farinha da Pif Paf, em Visconde do Rio Branco, na Zona da Mata Mineira. Segundo a Pol\u00edcia Militar (PM) &#8211; 190, o homem trabalhava como operador, quando ligou o equipamento [&hellip;]<\/p>\n","protected":false},"author":2,"featured_media":49800,"comment_status":"open","ping_status":"open","sticky":false,"template":"","format":"standard","meta":{"footnotes":""},"categories":[1],"tags":[],"class_list":["post-49792","post","type-post","status-publish","format-standard","has-post-thumbnail","hentry","category-regional"],"_links":{"self":[{"href":"https:\/\/clickcarangola.com.br\/site\/wp-json\/wp\/v2\/posts\/49792","targetHints":{"allow":["GET"]}}],"collection":[{"href":"https:\/\/clickcarangola.com.br\/site\/wp-json\/wp\/v2\/posts"}],"about":[{"href":"https:\/\/clickcarangola.com.br\/site\/wp-json\/wp\/v2\/types\/post"}],"author":[{"embeddable":true,"href":"https:\/\/clickcarangola.com.br\/site\/wp-json\/wp\/v2\/users\/2"}],"replies":[{"embeddable":true,"href":"https:\/\/clickcarangola.com.br\/site\/wp-json\/wp\/v2\/comments?post=49792"}],"version-history":[{"count":11,"href":"https:\/\/clickcarangola.com.br\/site\/wp-json\/wp\/v2\/posts\/49792\/revisions"}],"predecessor-version":[{"id":49805,"href":"https:\/\/clickcarangola.com.br\/site\/wp-json\/wp\/v2\/posts\/49792\/revisions\/49805"}],"wp:featuredmedia":[{"embeddable":true,"href":"https:\/\/clickcarangola.com.br\/site\/wp-json\/wp\/v2\/media\/49800"}],"wp:attachment":[{"href":"https:\/\/clickcarangola.com.br\/site\/wp-json\/wp\/v2\/media?parent=49792"}],"wp:term":[{"taxonomy":"category","embeddable":true,"href":"https:\/\/clickcarangola.com.br\/site\/wp-json\/wp\/v2\/categories?post=49792"},{"taxonomy":"post_tag","embeddable":true,"href":"https:\/\/clickcarangola.com.br\/site\/wp-json\/wp\/v2\/tags?post=49792"}],"curies":[{"name":"wp","href":"https:\/\/api.w.org\/{rel}","templated":true}]}}