{"id":49806,"date":"2024-06-15T10:00:55","date_gmt":"2024-06-15T13:00:55","guid":{"rendered":"https:\/\/clickcarangola.com.br\/site\/?p=49806"},"modified":"2024-06-16T13:09:59","modified_gmt":"2024-06-16T16:09:59","slug":"corpo-de-trabalhador-que-morreu-sugado-por-maquina-em-fabrica-de-alimentos-e-enterrado","status":"publish","type":"post","link":"https:\/\/clickcarangola.com.br\/site\/15\/06\/2024\/corpo-de-trabalhador-que-morreu-sugado-por-maquina-em-fabrica-de-alimentos-e-enterrado\/","title":{"rendered":"Corpo de trabalhador que morreu sugado por m\u00e1quina em f\u00e1brica de alimentos \u00e9 enterrado"},"content":{"rendered":"<p><img loading=\"lazy\" decoding=\"async\" class=\"alignleft\" src=\"https:\/\/clickcarangola.com.br\/site\/wp-content\/uploads\/2024\/06\/Corpo-de-trabalhador-01.jpg\" alt=\"\" width=\"300\" height=\"226\" \/>VISCONDE DO RIO BRANCO &#8211; O corpo do trabalhador Fabr\u00edcio da Silva Galv\u00e3o, de 24 anos, que morreu ap\u00f3s ser sugado por uma m\u00e1quina na f\u00e1brica de farinha da Pif Paf, em Visconde do Rio Branco, ser\u00e1 velado e sepultado neste s\u00e1bado (15).<\/p>\n<p>Segundo informa\u00e7\u00f5es repassadas ao jornalismo pelo Cemit\u00e9rio Municipal, o vel\u00f3rio come\u00e7ou \u00e0s 10h, e o enterro est\u00e1 previsto para \u00e0s 13h.<!--more--><\/p>\n<p><strong>O acidente<\/strong><\/p>\n<p>O jovem trabalhava como operador,\u00a0quando ligou o equipamento\u00a0e\u00a0foi puxado at\u00e9 o pesco\u00e7o. O \u00f3bito da v\u00edtima foi confirmado ainda no local.<\/p>\n<p>N\u00e3o foi informado qual tipo de m\u00e1quina o trabalhador operava no momento do acidente, e\u00a0as causas ser\u00e3o apuradas.<\/p>\n<p>Em nota, a\u00a0empresa lamentou a morte do funcion\u00e1rio\u00a0e disse que prestou imediatamente todos os socorros a Fabr\u00edcio da Silva Galv\u00e3o.<\/p>\n<p>&#8220;A empresa est\u00e1 prestando toda a assist\u00eancia necess\u00e1ria \u00e0 fam\u00edlia do colaborador e est\u00e1 em contato com as autoridades para prestar todos os esclarecimentos sobre o ocorrido&#8221;, complementou a Pif Paf em divulga\u00e7\u00e3o \u00e0 imprensa.<\/p>\n<p>J\u00e1 a Pol\u00edcia Civil (PC) &#8211; 197 disse que uma equipe da per\u00edcia esteve no local para a coleta de vest\u00edgios e informa\u00e7\u00f5es que subsidiar\u00e3o as investiga\u00e7\u00f5es.<\/p>\n<p><strong>Confira as imagens:<\/strong><\/p>\n<p><img loading=\"lazy\" decoding=\"async\" src=\"https:\/\/clickcarangola.com.br\/site\/wp-content\/uploads\/2024\/06\/Corpo-de-trabalhador-01.jpg\" alt=\"\" width=\"400\" height=\"300\" \/><br \/>\n<img loading=\"lazy\" decoding=\"async\" src=\"https:\/\/clickcarangola.com.br\/site\/wp-content\/uploads\/2024\/06\/Corpo-de-trabalhador-02.jpg\" alt=\"\" width=\"400\" height=\"300\" \/><\/p>\n<p><strong>Por: Click Carangola<\/strong> | Com informa\u00e7\u00f5es do G1.<\/p>\n","protected":false},"excerpt":{"rendered":"<p>VISCONDE DO RIO BRANCO &#8211; O corpo do trabalhador Fabr\u00edcio da Silva Galv\u00e3o, de 24 anos, que morreu ap\u00f3s ser sugado por uma m\u00e1quina na f\u00e1brica de farinha da Pif Paf, em Visconde do Rio Branco, ser\u00e1 velado e sepultado neste s\u00e1bado (15). Segundo informa\u00e7\u00f5es repassadas ao jornalismo pelo Cemit\u00e9rio Municipal, o vel\u00f3rio come\u00e7ou \u00e0s [&hellip;]<\/p>\n","protected":false},"author":2,"featured_media":49809,"comment_status":"open","ping_status":"open","sticky":false,"template":"","format":"standard","meta":{"footnotes":""},"categories":[1],"tags":[],"class_list":["post-49806","post","type-post","status-publish","format-standard","has-post-thumbnail","hentry","category-regional"],"_links":{"self":[{"href":"https:\/\/clickcarangola.com.br\/site\/wp-json\/wp\/v2\/posts\/49806","targetHints":{"allow":["GET"]}}],"collection":[{"href":"https:\/\/clickcarangola.com.br\/site\/wp-json\/wp\/v2\/posts"}],"about":[{"href":"https:\/\/clickcarangola.com.br\/site\/wp-json\/wp\/v2\/types\/post"}],"author":[{"embeddable":true,"href":"https:\/\/clickcarangola.com.br\/site\/wp-json\/wp\/v2\/users\/2"}],"replies":[{"embeddable":true,"href":"https:\/\/clickcarangola.com.br\/site\/wp-json\/wp\/v2\/comments?post=49806"}],"version-history":[{"count":5,"href":"https:\/\/clickcarangola.com.br\/site\/wp-json\/wp\/v2\/posts\/49806\/revisions"}],"predecessor-version":[{"id":49813,"href":"https:\/\/clickcarangola.com.br\/site\/wp-json\/wp\/v2\/posts\/49806\/revisions\/49813"}],"wp:featuredmedia":[{"embeddable":true,"href":"https:\/\/clickcarangola.com.br\/site\/wp-json\/wp\/v2\/media\/49809"}],"wp:attachment":[{"href":"https:\/\/clickcarangola.com.br\/site\/wp-json\/wp\/v2\/media?parent=49806"}],"wp:term":[{"taxonomy":"category","embeddable":true,"href":"https:\/\/clickcarangola.com.br\/site\/wp-json\/wp\/v2\/categories?post=49806"},{"taxonomy":"post_tag","embeddable":true,"href":"https:\/\/clickcarangola.com.br\/site\/wp-json\/wp\/v2\/tags?post=49806"}],"curies":[{"name":"wp","href":"https:\/\/api.w.org\/{rel}","templated":true}]}}