{"id":49847,"date":"2024-07-05T17:00:23","date_gmt":"2024-07-05T20:00:23","guid":{"rendered":"https:\/\/clickcarangola.com.br\/site\/?p=49847"},"modified":"2024-07-06T18:05:59","modified_gmt":"2024-07-06T21:05:59","slug":"policia-rodoviaria-federal-prf-recupera-automovel-roubado-no-rio-de-janeiro-rj","status":"publish","type":"post","link":"https:\/\/clickcarangola.com.br\/site\/05\/07\/2024\/policia-rodoviaria-federal-prf-recupera-automovel-roubado-no-rio-de-janeiro-rj\/","title":{"rendered":"Pol\u00edcia Rodovi\u00e1ria Federal (PRF) recupera autom\u00f3vel roubado no Rio de Janeiro-RJ"},"content":{"rendered":"<p><img loading=\"lazy\" decoding=\"async\" class=\"alignleft\" src=\"https:\/\/clickcarangola.com.br\/site\/wp-content\/uploads\/2024\/07\/Autom\u00f3vel-roubado-01.jpg\" alt=\"\" width=\"300\" height=\"226\" \/>LEOPOLDINA &#8211; A Pol\u00edcia Rodovi\u00e1ria Federal (PRF) em Leopoldina, recuperou nesta quinta-feira (04), um autom\u00f3vel roubado no Rio de Janeiro-RJ.<\/p>\n<p>Agentes da PRF realizavam uma fiscaliza\u00e7\u00e3o de rotina na BR-116, quando o autom\u00f3vel Hyundai HB20, sedan, de cor branca, com placas de Ivaipor\u00e3-PR foi abordado. O ve\u00edculo era ocupado por tr\u00eas homens.<!--more--><\/p>\n<p>O condutor, um homem de 30 anos, apresentou a sua Carteira Nacional de Habilita\u00e7\u00e3o (CNH) aut\u00eantica, contudo, n\u00e3o portava o documento do ve\u00edculo.<\/p>\n<p>Durante os procedimentos de identifica\u00e7\u00e3o veicular, verificou-se que o autom\u00f3vel estava com as placas trocadas e possu\u00eda sinais de adultera\u00e7\u00e3o no chassi. Por meio de consulta aos sistemas, constatou-se que o ve\u00edculo foi roubado na cidade do Rio de Janeiro-RJ em 06\/05\/2024.<\/p>\n<p>O motorista informou que reside na regi\u00e3o de Ipatinga-MG e levaria o carro para aquela cidade, a pedido de seu patr\u00e3o. Ele tamb\u00e9m informou que desconhecia o fato de o ve\u00edculo ser clonado e que n\u00e3o receberia nenhuma vantagem pecuni\u00e1ria para fazer essa viagem.<\/p>\n<p>O ve\u00edculo foi recolhido ao p\u00e1tio credenciado pelo DETRAN-MG, e o condutor, encaminhado \u00e0 Pol\u00edcia Civil (PC) para demais provid\u00eancias decorrentes.<\/p>\n<p><strong>Confira as imagens:<\/strong><\/p>\n<p><img loading=\"lazy\" decoding=\"async\" src=\"https:\/\/clickcarangola.com.br\/site\/wp-content\/uploads\/2024\/07\/Autom\u00f3vel-roubado-01.jpg\" alt=\"\" width=\"400\" height=\"300\" \/><br \/>\n<img loading=\"lazy\" decoding=\"async\" src=\"https:\/\/clickcarangola.com.br\/site\/wp-content\/uploads\/2024\/07\/Autom\u00f3vel-roubado-02.jpg\" alt=\"\" width=\"400\" height=\"300\" \/><\/p>\n<p><strong>Por: Click Carangola<\/strong> | Com informa\u00e7\u00f5es da PRF e R\u00e1dio Muria\u00e9.<\/p>\n","protected":false},"excerpt":{"rendered":"<p>LEOPOLDINA &#8211; A Pol\u00edcia Rodovi\u00e1ria Federal (PRF) em Leopoldina, recuperou nesta quinta-feira (04), um autom\u00f3vel roubado no Rio de Janeiro-RJ. Agentes da PRF realizavam uma fiscaliza\u00e7\u00e3o de rotina na BR-116, quando o autom\u00f3vel Hyundai HB20, sedan, de cor branca, com placas de Ivaipor\u00e3-PR foi abordado. O ve\u00edculo era ocupado por tr\u00eas homens.<\/p>\n","protected":false},"author":2,"featured_media":49849,"comment_status":"open","ping_status":"open","sticky":false,"template":"","format":"standard","meta":{"footnotes":""},"categories":[1],"tags":[],"class_list":["post-49847","post","type-post","status-publish","format-standard","has-post-thumbnail","hentry","category-regional"],"_links":{"self":[{"href":"https:\/\/clickcarangola.com.br\/site\/wp-json\/wp\/v2\/posts\/49847","targetHints":{"allow":["GET"]}}],"collection":[{"href":"https:\/\/clickcarangola.com.br\/site\/wp-json\/wp\/v2\/posts"}],"about":[{"href":"https:\/\/clickcarangola.com.br\/site\/wp-json\/wp\/v2\/types\/post"}],"author":[{"embeddable":true,"href":"https:\/\/clickcarangola.com.br\/site\/wp-json\/wp\/v2\/users\/2"}],"replies":[{"embeddable":true,"href":"https:\/\/clickcarangola.com.br\/site\/wp-json\/wp\/v2\/comments?post=49847"}],"version-history":[{"count":6,"href":"https:\/\/clickcarangola.com.br\/site\/wp-json\/wp\/v2\/posts\/49847\/revisions"}],"predecessor-version":[{"id":49854,"href":"https:\/\/clickcarangola.com.br\/site\/wp-json\/wp\/v2\/posts\/49847\/revisions\/49854"}],"wp:featuredmedia":[{"embeddable":true,"href":"https:\/\/clickcarangola.com.br\/site\/wp-json\/wp\/v2\/media\/49849"}],"wp:attachment":[{"href":"https:\/\/clickcarangola.com.br\/site\/wp-json\/wp\/v2\/media?parent=49847"}],"wp:term":[{"taxonomy":"category","embeddable":true,"href":"https:\/\/clickcarangola.com.br\/site\/wp-json\/wp\/v2\/categories?post=49847"},{"taxonomy":"post_tag","embeddable":true,"href":"https:\/\/clickcarangola.com.br\/site\/wp-json\/wp\/v2\/tags?post=49847"}],"curies":[{"name":"wp","href":"https:\/\/api.w.org\/{rel}","templated":true}]}}