{"id":49868,"date":"2024-07-12T12:00:19","date_gmt":"2024-07-12T15:00:19","guid":{"rendered":"https:\/\/clickcarangola.com.br\/site\/?p=49868"},"modified":"2024-07-13T12:18:31","modified_gmt":"2024-07-13T15:18:31","slug":"detento-e-encontrado-morto-dentro-de-cela-em-penitenciaria-causa-da-morte-sera-investigada","status":"publish","type":"post","link":"https:\/\/clickcarangola.com.br\/site\/12\/07\/2024\/detento-e-encontrado-morto-dentro-de-cela-em-penitenciaria-causa-da-morte-sera-investigada\/","title":{"rendered":"Detento \u00e9 encontrado morto dentro de cela em penitenci\u00e1ria; causa da morte ser\u00e1 investigada"},"content":{"rendered":"<p><img loading=\"lazy\" decoding=\"async\" class=\"alignleft\" src=\"https:\/\/clickcarangola.com.br\/site\/wp-content\/uploads\/2024\/07\/Detento-\u00e9-encontrado-morto.jpg\" alt=\"\" width=\"300\" height=\"226\" \/>MURIA\u00c9 &#8211; Um homem, de 34 anos, foi encontrado morto, nesta sexta-feira (12), dentro de uma das celas da Penitenci\u00e1ria Dr. Manoel Martins Lisboa J\u00fanior.<\/p>\n<p>Trata-se do detento Carlos Gleiser Antunes Nogueira, natural de Muria\u00e9-MG. De acordo com informa\u00e7\u00f5es da Pol\u00edcia Civil (PC), tudo indica que a causa da morte foi suic\u00eddio, provocado por enforcamento.<!--more--><\/p>\n<p>A per\u00edcia t\u00e9cnica da PC foi at\u00e9 o local e realizou todos os procedimentos. Um m\u00e9dico legista tamb\u00e9m foi acionado para examinar o corpo.<\/p>\n<p>Carlos era morador do Bairro Santa Terezinha e estava detido em regime fechado h\u00e1 cinco anos. Dentre os crimes que ele respondia, estavam, corrup\u00e7\u00e3o de menores, previsto no Artigo 244 do Estatuto da Crian\u00e7a e do Adolescente e homic\u00eddio.<\/p>\n<p>Ele dividia cela com outros dois ocupantes, que estavam no banho de sol, na hora do ato. C\u00e2meras de seguran\u00e7a registraram o momento em que os detentos voltaram para a cela.<\/p>\n<p>Em contato com a Pol\u00edcia Civil (PC), atrav\u00e9s da Delegacia de Homic\u00eddios e Prote\u00e7\u00e3o \u00e0 Pessoa (DHPP), a informa\u00e7\u00e3o \u00e9 que j\u00e1 foi instaurado um inqu\u00e9rito para maiores levantamentos. O corpo foi removido ao Instituto M\u00e9dico Legal (IML) e depois ser\u00e1 liberado \u00e0 fam\u00edlia.<\/p>\n<p>Procurada, a Secretaria de Estado de Justi\u00e7a e Seguran\u00e7a P\u00fablica (SEJUSP) ainda n\u00e3o se manifestou.<\/p>\n<p><strong>Por: Click Carangola<\/strong> | Com informa\u00e7\u00f5es da PC e R\u00e1dio Muria\u00e9.<\/p>\n","protected":false},"excerpt":{"rendered":"<p>MURIA\u00c9 &#8211; Um homem, de 34 anos, foi encontrado morto, nesta sexta-feira (12), dentro de uma das celas da Penitenci\u00e1ria Dr. Manoel Martins Lisboa J\u00fanior. Trata-se do detento Carlos Gleiser Antunes Nogueira, natural de Muria\u00e9-MG. De acordo com informa\u00e7\u00f5es da Pol\u00edcia Civil (PC), tudo indica que a causa da morte foi suic\u00eddio, provocado por enforcamento.<\/p>\n","protected":false},"author":2,"featured_media":49869,"comment_status":"open","ping_status":"open","sticky":false,"template":"","format":"standard","meta":{"footnotes":""},"categories":[1],"tags":[],"class_list":["post-49868","post","type-post","status-publish","format-standard","has-post-thumbnail","hentry","category-regional"],"_links":{"self":[{"href":"https:\/\/clickcarangola.com.br\/site\/wp-json\/wp\/v2\/posts\/49868","targetHints":{"allow":["GET"]}}],"collection":[{"href":"https:\/\/clickcarangola.com.br\/site\/wp-json\/wp\/v2\/posts"}],"about":[{"href":"https:\/\/clickcarangola.com.br\/site\/wp-json\/wp\/v2\/types\/post"}],"author":[{"embeddable":true,"href":"https:\/\/clickcarangola.com.br\/site\/wp-json\/wp\/v2\/users\/2"}],"replies":[{"embeddable":true,"href":"https:\/\/clickcarangola.com.br\/site\/wp-json\/wp\/v2\/comments?post=49868"}],"version-history":[{"count":19,"href":"https:\/\/clickcarangola.com.br\/site\/wp-json\/wp\/v2\/posts\/49868\/revisions"}],"predecessor-version":[{"id":49888,"href":"https:\/\/clickcarangola.com.br\/site\/wp-json\/wp\/v2\/posts\/49868\/revisions\/49888"}],"wp:featuredmedia":[{"embeddable":true,"href":"https:\/\/clickcarangola.com.br\/site\/wp-json\/wp\/v2\/media\/49869"}],"wp:attachment":[{"href":"https:\/\/clickcarangola.com.br\/site\/wp-json\/wp\/v2\/media?parent=49868"}],"wp:term":[{"taxonomy":"category","embeddable":true,"href":"https:\/\/clickcarangola.com.br\/site\/wp-json\/wp\/v2\/categories?post=49868"},{"taxonomy":"post_tag","embeddable":true,"href":"https:\/\/clickcarangola.com.br\/site\/wp-json\/wp\/v2\/tags?post=49868"}],"curies":[{"name":"wp","href":"https:\/\/api.w.org\/{rel}","templated":true}]}}