{"id":49953,"date":"2024-07-26T12:00:42","date_gmt":"2024-07-26T15:00:42","guid":{"rendered":"https:\/\/clickcarangola.com.br\/site\/?p=49953"},"modified":"2024-07-27T12:11:10","modified_gmt":"2024-07-27T15:11:10","slug":"pai-e-filho-de-07-anos-que-estavam-em-ferias-e-morreram-afogados-durante-pescaria-no-es-sao-enterrados-em-mg","status":"publish","type":"post","link":"https:\/\/clickcarangola.com.br\/site\/26\/07\/2024\/pai-e-filho-de-07-anos-que-estavam-em-ferias-e-morreram-afogados-durante-pescaria-no-es-sao-enterrados-em-mg\/","title":{"rendered":"Pai e filho de 07 anos que estavam em f\u00e9rias e morreram afogados durante pescaria no ES s\u00e3o enterrados em MG"},"content":{"rendered":"<p><img loading=\"lazy\" decoding=\"async\" class=\"alignleft\" src=\"https:\/\/clickcarangola.com.br\/site\/wp-content\/uploads\/2024\/07\/Pai-e-filho-sepultados.jpg\" alt=\"\" width=\"300\" height=\"226\" \/><strong>COLATINA \/ DIVINO<\/strong> &#8211; Pai e filho de 07 anos, que estavam em f\u00e9rias e morreram afogados, durante uma pescaria no Esp\u00edrito Santo, foram enterrados em Divino, na Zona da Mata Mineira.<\/p>\n<p>O vel\u00f3rio de Cheliton Henrique de Freitas e Nycollas Henrique Ferreira aconteceu nesta quinta-feira (25), a partir das 21h, na Igreja Assembleia de Deus. J\u00e1 o sepultamento, realizado nesta sexta-feira (26), \u00e0s 09h, no cemit\u00e9rio local.<!--more--><\/p>\n<p>Segundo o Corpo de Bombeiros, pai, av\u00f4 e a crian\u00e7a tinham viajado at\u00e9 Colatina para pescar. Os tr\u00eas acampavam nas margens do Rio Doce, perto da localidade de Itapina, e estavam em um banco de areia.<\/p>\n<p><span style=\"font-size: 1.0625rem;\">Quando tentaram fazer uma travessia, se afogaram e\u00a0<\/span><span class=\"highlight highlighted\" style=\"font-size: 1.0625rem;\">ca\u00edram em um vale, com uma profundidade de dois a tr\u00eas metros<\/span><span style=\"font-size: 1.0625rem;\">.<\/span><\/p>\n<p><span style=\"font-size: 1.0625rem;\">Os bombeiros foram acionados por volta de 13h desta quinta-feira e realizaram buscas no local com equipes de mergulho. Os corpos de pai e filho foram encontrados \u00e0s 16h e retirados da \u00e1gua.<\/span><\/p>\n<p><strong>Por: Click Carangola<\/strong> | Com informa\u00e7\u00f5es do G1.<\/p>\n","protected":false},"excerpt":{"rendered":"<p>COLATINA \/ DIVINO &#8211; Pai e filho de 07 anos, que estavam em f\u00e9rias e morreram afogados, durante uma pescaria no Esp\u00edrito Santo, foram enterrados em Divino, na Zona da Mata Mineira. O vel\u00f3rio de Cheliton Henrique de Freitas e Nycollas Henrique Ferreira aconteceu nesta quinta-feira (25), a partir das 21h, na Igreja Assembleia de [&hellip;]<\/p>\n","protected":false},"author":2,"featured_media":49959,"comment_status":"open","ping_status":"open","sticky":false,"template":"","format":"standard","meta":{"footnotes":""},"categories":[43,1],"tags":[],"class_list":["post-49953","post","type-post","status-publish","format-standard","has-post-thumbnail","hentry","category-divino-mg","category-regional"],"_links":{"self":[{"href":"https:\/\/clickcarangola.com.br\/site\/wp-json\/wp\/v2\/posts\/49953","targetHints":{"allow":["GET"]}}],"collection":[{"href":"https:\/\/clickcarangola.com.br\/site\/wp-json\/wp\/v2\/posts"}],"about":[{"href":"https:\/\/clickcarangola.com.br\/site\/wp-json\/wp\/v2\/types\/post"}],"author":[{"embeddable":true,"href":"https:\/\/clickcarangola.com.br\/site\/wp-json\/wp\/v2\/users\/2"}],"replies":[{"embeddable":true,"href":"https:\/\/clickcarangola.com.br\/site\/wp-json\/wp\/v2\/comments?post=49953"}],"version-history":[{"count":11,"href":"https:\/\/clickcarangola.com.br\/site\/wp-json\/wp\/v2\/posts\/49953\/revisions"}],"predecessor-version":[{"id":49965,"href":"https:\/\/clickcarangola.com.br\/site\/wp-json\/wp\/v2\/posts\/49953\/revisions\/49965"}],"wp:featuredmedia":[{"embeddable":true,"href":"https:\/\/clickcarangola.com.br\/site\/wp-json\/wp\/v2\/media\/49959"}],"wp:attachment":[{"href":"https:\/\/clickcarangola.com.br\/site\/wp-json\/wp\/v2\/media?parent=49953"}],"wp:term":[{"taxonomy":"category","embeddable":true,"href":"https:\/\/clickcarangola.com.br\/site\/wp-json\/wp\/v2\/categories?post=49953"},{"taxonomy":"post_tag","embeddable":true,"href":"https:\/\/clickcarangola.com.br\/site\/wp-json\/wp\/v2\/tags?post=49953"}],"curies":[{"name":"wp","href":"https:\/\/api.w.org\/{rel}","templated":true}]}}