{"id":50082,"date":"2024-08-31T12:00:40","date_gmt":"2024-08-31T15:00:40","guid":{"rendered":"https:\/\/clickcarangola.com.br\/site\/?p=50082"},"modified":"2024-09-01T12:29:43","modified_gmt":"2024-09-01T15:29:43","slug":"acidente-entre-carro-e-carreta-deixa-uma-pessoa-morta-e-outras-tres-feridas-na-br-116","status":"publish","type":"post","link":"https:\/\/clickcarangola.com.br\/site\/31\/08\/2024\/acidente-entre-carro-e-carreta-deixa-uma-pessoa-morta-e-outras-tres-feridas-na-br-116\/","title":{"rendered":"Acidente entre carro e carreta deixa uma pessoa morta e outras tr\u00eas feridas na BR-116"},"content":{"rendered":"<p><img loading=\"lazy\" decoding=\"async\" class=\"alignleft\" src=\"https:\/\/clickcarangola.com.br\/site\/wp-content\/uploads\/2024\/09\/Carro-e-carreta-na-116-01.jpeg\" alt=\"\" width=\"300\" height=\"226\" \/>MURIA\u00c9 &#8211; Um motorista, de 52 anos, que conduzia uma carreta DAF, morreu ap\u00f3s o ve\u00edculo que dirigia, e um carro de passeio, ca\u00edrem em uma ribanceira, neste s\u00e1bado (31\/08), na BR-116, na altura da Serra de Belvedere.<\/p>\n<p>Outras tr\u00eas pessoas, que estavam no carro, ficaram feridas. Todas, foram socorridas e levadas ao Hospital S\u00e3o Paulo (HSP), com diversos ferimentos. As placas do carro s\u00e3o de Muria\u00e9-MG.<!--more--><\/p>\n<p>Segundo informa\u00e7\u00f5es apuradas no local, o motorista da carreta, que seguia sentido Laranjal, invadiu a contram\u00e3o. O motorista do carro para n\u00e3o confrontar, jogou o ve\u00edculo para a ribanceira.<\/p>\n<p>Ednaldo Vicente dos Santos, de 52 anos, n\u00e3o resistiu e morreu preso \u00e0s ferragens.<\/p>\n<p>Corpo de Bombeiros (CB) -193 e Pol\u00edcia Rodovi\u00e1ria Federal (PRF) &#8211; 191 est\u00e3o no local. A per\u00edcia t\u00e9cnica da Pol\u00edcia Civil (PC) \u00e9 aguardada, para que o corpo seja liberado e levado ao Instituto M\u00e9dico Legal (IML).<\/p>\n<p><strong>Confira as imagens e o v\u00eddeo:<\/strong><\/p>\n<p><img loading=\"lazy\" decoding=\"async\" src=\"https:\/\/clickcarangola.com.br\/site\/wp-content\/uploads\/2024\/09\/Carro-e-carreta-na-116-01.jpeg\" alt=\"\" width=\"400\" height=\"300\" \/><br \/>\n<img loading=\"lazy\" decoding=\"async\" src=\"https:\/\/clickcarangola.com.br\/site\/wp-content\/uploads\/2024\/09\/Carro-e-carreta-na-116-02.jpeg\" alt=\"\" width=\"400\" height=\"300\" \/><br \/>\n<img loading=\"lazy\" decoding=\"async\" src=\"https:\/\/clickcarangola.com.br\/site\/wp-content\/uploads\/2024\/09\/Carro-e-carreta-na-116-03.jpeg\" alt=\"\" width=\"400\" height=\"300\" \/><br \/>\n<img loading=\"lazy\" decoding=\"async\" src=\"https:\/\/clickcarangola.com.br\/site\/wp-content\/uploads\/2024\/09\/Carro-e-carreta-na-116-04.jpeg\" alt=\"\" width=\"400\" height=\"300\" \/><br \/>\n<img loading=\"lazy\" decoding=\"async\" src=\"https:\/\/clickcarangola.com.br\/site\/wp-content\/uploads\/2024\/09\/Carro-e-carreta-na-116-05.jpeg\" alt=\"\" width=\"400\" height=\"300\" \/><br \/>\n<img loading=\"lazy\" decoding=\"async\" src=\"https:\/\/clickcarangola.com.br\/site\/wp-content\/uploads\/2024\/09\/Carro-e-carreta-na-116-06.jpeg\" alt=\"\" width=\"400\" height=\"300\" \/><br \/>\n<img loading=\"lazy\" decoding=\"async\" src=\"https:\/\/clickcarangola.com.br\/site\/wp-content\/uploads\/2024\/09\/Carro-e-carreta-na-116-07.jpeg\" alt=\"\" width=\"400\" height=\"300\" \/><br \/>\n<img loading=\"lazy\" decoding=\"async\" src=\"https:\/\/clickcarangola.com.br\/site\/wp-content\/uploads\/2024\/09\/Carro-e-carreta-na-116-08.jpeg\" alt=\"\" width=\"400\" height=\"300\" \/><br \/>\n<img loading=\"lazy\" decoding=\"async\" src=\"https:\/\/clickcarangola.com.br\/site\/wp-content\/uploads\/2024\/09\/Carro-e-carreta-na-116-09.jpeg\" alt=\"\" width=\"400\" height=\"300\" \/><br \/>\n<img loading=\"lazy\" decoding=\"async\" src=\"https:\/\/clickcarangola.com.br\/site\/wp-content\/uploads\/2024\/09\/Carro-e-carreta-na-116-10.jpeg\" alt=\"\" width=\"400\" height=\"300\" \/><br \/>\n<img loading=\"lazy\" decoding=\"async\" src=\"https:\/\/clickcarangola.com.br\/site\/wp-content\/uploads\/2024\/09\/Carro-e-carreta-na-116-11.jpeg\" alt=\"\" width=\"400\" height=\"300\" \/><br \/>\n<img loading=\"lazy\" decoding=\"async\" src=\"https:\/\/clickcarangola.com.br\/site\/wp-content\/uploads\/2024\/09\/Carro-e-carreta-na-116-12.jpeg\" alt=\"\" width=\"400\" height=\"300\" \/><br \/>\n<img loading=\"lazy\" decoding=\"async\" src=\"https:\/\/clickcarangola.com.br\/site\/wp-content\/uploads\/2024\/09\/Carro-e-carreta-na-116-13.jpeg\" alt=\"\" width=\"400\" height=\"300\" \/><br \/>\n<img loading=\"lazy\" decoding=\"async\" src=\"https:\/\/clickcarangola.com.br\/site\/wp-content\/uploads\/2024\/09\/Carro-e-carreta-na-116-14.jpeg\" alt=\"\" width=\"400\" height=\"300\" \/><br \/>\n<img loading=\"lazy\" decoding=\"async\" src=\"https:\/\/clickcarangola.com.br\/site\/wp-content\/uploads\/2024\/09\/Carro-e-carreta-na-116-15.jpeg\" alt=\"\" width=\"400\" height=\"300\" \/><br \/>\n<iframe loading=\"lazy\" style=\"border: none; overflow: hidden;\" src=\"https:\/\/www.facebook.com\/plugins\/video.php?height=316&amp;href=https%3A%2F%2Fwww.facebook.com%2Fclick.carangola%2Fvideos%2F854468986660808%2F&amp;show_text=false&amp;width=560&amp;t=0\" width=\"560\" height=\"316\" frameborder=\"0\" scrolling=\"no\" allowfullscreen=\"allowfullscreen\"><\/iframe><\/p>\n<p><strong>Por: Click Carangola<\/strong> | Com informa\u00e7\u00f5es do CB e R\u00e1dio Muria\u00e9.<\/p>\n","protected":false},"excerpt":{"rendered":"<p>MURIA\u00c9 &#8211; Um motorista, de 52 anos, que conduzia uma carreta DAF, morreu ap\u00f3s o ve\u00edculo que dirigia, e um carro de passeio, ca\u00edrem em uma ribanceira, neste s\u00e1bado (31\/08), na BR-116, na altura da Serra de Belvedere. Outras tr\u00eas pessoas, que estavam no carro, ficaram feridas. Todas, foram socorridas e levadas ao Hospital S\u00e3o [&hellip;]<\/p>\n","protected":false},"author":2,"featured_media":50084,"comment_status":"open","ping_status":"open","sticky":false,"template":"","format":"standard","meta":{"footnotes":""},"categories":[1],"tags":[],"class_list":["post-50082","post","type-post","status-publish","format-standard","has-post-thumbnail","hentry","category-regional"],"_links":{"self":[{"href":"https:\/\/clickcarangola.com.br\/site\/wp-json\/wp\/v2\/posts\/50082","targetHints":{"allow":["GET"]}}],"collection":[{"href":"https:\/\/clickcarangola.com.br\/site\/wp-json\/wp\/v2\/posts"}],"about":[{"href":"https:\/\/clickcarangola.com.br\/site\/wp-json\/wp\/v2\/types\/post"}],"author":[{"embeddable":true,"href":"https:\/\/clickcarangola.com.br\/site\/wp-json\/wp\/v2\/users\/2"}],"replies":[{"embeddable":true,"href":"https:\/\/clickcarangola.com.br\/site\/wp-json\/wp\/v2\/comments?post=50082"}],"version-history":[{"count":10,"href":"https:\/\/clickcarangola.com.br\/site\/wp-json\/wp\/v2\/posts\/50082\/revisions"}],"predecessor-version":[{"id":50107,"href":"https:\/\/clickcarangola.com.br\/site\/wp-json\/wp\/v2\/posts\/50082\/revisions\/50107"}],"wp:featuredmedia":[{"embeddable":true,"href":"https:\/\/clickcarangola.com.br\/site\/wp-json\/wp\/v2\/media\/50084"}],"wp:attachment":[{"href":"https:\/\/clickcarangola.com.br\/site\/wp-json\/wp\/v2\/media?parent=50082"}],"wp:term":[{"taxonomy":"category","embeddable":true,"href":"https:\/\/clickcarangola.com.br\/site\/wp-json\/wp\/v2\/categories?post=50082"},{"taxonomy":"post_tag","embeddable":true,"href":"https:\/\/clickcarangola.com.br\/site\/wp-json\/wp\/v2\/tags?post=50082"}],"curies":[{"name":"wp","href":"https:\/\/api.w.org\/{rel}","templated":true}]}}