{"id":50185,"date":"2024-09-18T20:00:03","date_gmt":"2024-09-18T23:00:03","guid":{"rendered":"https:\/\/clickcarangola.com.br\/site\/?p=50185"},"modified":"2024-09-19T10:55:25","modified_gmt":"2024-09-19T13:55:25","slug":"homem-em-surto-psicotico-parte-pra-cima-da-policia-militar-pm-com-faca-e-e-baleado","status":"publish","type":"post","link":"https:\/\/clickcarangola.com.br\/site\/18\/09\/2024\/homem-em-surto-psicotico-parte-pra-cima-da-policia-militar-pm-com-faca-e-e-baleado\/","title":{"rendered":"Homem em surto psic\u00f3tico parte pra cima da Pol\u00edcia Militar (PM) com faca e \u00e9 baleado"},"content":{"rendered":"<p><img loading=\"lazy\" decoding=\"async\" class=\"alignleft\" src=\"https:\/\/clickcarangola.com.br\/site\/wp-content\/uploads\/2024\/09\/Homem-em-surto-psic\u00f3tico-01.png\" alt=\"\" width=\"300\" height=\"226\" \/>MURIA\u00c9 &#8211; Um homem, em surto psic\u00f3tico, foi baleado pela Pol\u00edcia Militar (PM), no final da tarde desta quarta-feira (18), na Vila Concei\u00e7\u00e3o.<\/p>\n<p>De acordo com informa\u00e7\u00f5es colhidas no local, o rapaz (que n\u00e3o foi identificado) apresentou comportamento agressivo, ainda dentro de casa.<!--more--><\/p>\n<p>A PM, ao chegar no local, se deparou com o rapaz saindo de casa, indo em dire\u00e7\u00e3o aos militares, com uma faca em m\u00e3os.<\/p>\n<p>Foi dada a ordem de parada, mas ele n\u00e3o obedeceu. Em seguida, os disparos ocorreram. Foram tr\u00eas tiros contra o rapaz.<\/p>\n<p>Uma equipe do SAMU 192 que j\u00e1 estava no local, socorreu o rapaz e o conduziu para o Hospital S\u00e3o Paulo (HSP). Ele passou por cirurgia, durante a noite e segue internado.<\/p>\n<p>A per\u00edcia t\u00e9cnica da Pol\u00edcia Civil (PC) &#8211; 197 foi at\u00e9 o local e colheu todos os elementos. Os cartuchos deflagrados e a faca, que estava com o rapaz, foram recolhidos.<\/p>\n<p>Nesta quinta-feira (19), a assessoria de comunica\u00e7\u00e3o da Pol\u00edcia Militar (PM) &#8211; 190, emitir\u00e1 uma nota de esclarecimento, sobre o ocorrido.<\/p>\n<p><strong>Confira as imagens:<\/strong><\/p>\n<p><img loading=\"lazy\" decoding=\"async\" src=\"https:\/\/clickcarangola.com.br\/site\/wp-content\/uploads\/2024\/09\/Homem-em-surto-psic\u00f3tico-01.png\" alt=\"\" width=\"400\" height=\"300\" \/><br \/>\n<img loading=\"lazy\" decoding=\"async\" src=\"https:\/\/clickcarangola.com.br\/site\/wp-content\/uploads\/2024\/09\/Homem-em-surto-psic\u00f3tico-02.png\" alt=\"\" width=\"400\" height=\"300\" \/><br \/>\n<img loading=\"lazy\" decoding=\"async\" src=\"https:\/\/clickcarangola.com.br\/site\/wp-content\/uploads\/2024\/09\/Homem-em-surto-psic\u00f3tico-03.png\" alt=\"\" width=\"400\" height=\"300\" \/><br \/>\n<img loading=\"lazy\" decoding=\"async\" src=\"https:\/\/clickcarangola.com.br\/site\/wp-content\/uploads\/2024\/09\/Homem-em-surto-psic\u00f3tico-04.png\" alt=\"\" width=\"400\" height=\"300\" \/><br \/>\n<img loading=\"lazy\" decoding=\"async\" src=\"https:\/\/clickcarangola.com.br\/site\/wp-content\/uploads\/2024\/09\/Homem-em-surto-psic\u00f3tico-05.png\" alt=\"\" width=\"400\" height=\"300\" \/><br \/>\n<img loading=\"lazy\" decoding=\"async\" src=\"https:\/\/clickcarangola.com.br\/site\/wp-content\/uploads\/2024\/09\/Homem-em-surto-psic\u00f3tico-06.png\" alt=\"\" width=\"400\" height=\"300\" \/><br \/>\n<img loading=\"lazy\" decoding=\"async\" src=\"https:\/\/clickcarangola.com.br\/site\/wp-content\/uploads\/2024\/09\/Homem-em-surto-psic\u00f3tico-07.png\" alt=\"\" width=\"400\" height=\"300\" \/><br \/>\n<img loading=\"lazy\" decoding=\"async\" src=\"https:\/\/clickcarangola.com.br\/site\/wp-content\/uploads\/2024\/09\/Homem-em-surto-psic\u00f3tico-08.jpg\" alt=\"\" width=\"400\" height=\"300\" \/><\/p>\n<p><strong>Por: Click Carangola<\/strong> | Com informa\u00e7\u00f5es da PM e R\u00e1dio Muria\u00e9.<\/p>\n","protected":false},"excerpt":{"rendered":"<p>MURIA\u00c9 &#8211; Um homem, em surto psic\u00f3tico, foi baleado pela Pol\u00edcia Militar (PM), no final da tarde desta quarta-feira (18), na Vila Concei\u00e7\u00e3o. De acordo com informa\u00e7\u00f5es colhidas no local, o rapaz (que n\u00e3o foi identificado) apresentou comportamento agressivo, ainda dentro de casa.<\/p>\n","protected":false},"author":2,"featured_media":50188,"comment_status":"open","ping_status":"open","sticky":false,"template":"","format":"standard","meta":{"footnotes":""},"categories":[1],"tags":[],"class_list":["post-50185","post","type-post","status-publish","format-standard","has-post-thumbnail","hentry","category-regional"],"_links":{"self":[{"href":"https:\/\/clickcarangola.com.br\/site\/wp-json\/wp\/v2\/posts\/50185","targetHints":{"allow":["GET"]}}],"collection":[{"href":"https:\/\/clickcarangola.com.br\/site\/wp-json\/wp\/v2\/posts"}],"about":[{"href":"https:\/\/clickcarangola.com.br\/site\/wp-json\/wp\/v2\/types\/post"}],"author":[{"embeddable":true,"href":"https:\/\/clickcarangola.com.br\/site\/wp-json\/wp\/v2\/users\/2"}],"replies":[{"embeddable":true,"href":"https:\/\/clickcarangola.com.br\/site\/wp-json\/wp\/v2\/comments?post=50185"}],"version-history":[{"count":7,"href":"https:\/\/clickcarangola.com.br\/site\/wp-json\/wp\/v2\/posts\/50185\/revisions"}],"predecessor-version":[{"id":50197,"href":"https:\/\/clickcarangola.com.br\/site\/wp-json\/wp\/v2\/posts\/50185\/revisions\/50197"}],"wp:featuredmedia":[{"embeddable":true,"href":"https:\/\/clickcarangola.com.br\/site\/wp-json\/wp\/v2\/media\/50188"}],"wp:attachment":[{"href":"https:\/\/clickcarangola.com.br\/site\/wp-json\/wp\/v2\/media?parent=50185"}],"wp:term":[{"taxonomy":"category","embeddable":true,"href":"https:\/\/clickcarangola.com.br\/site\/wp-json\/wp\/v2\/categories?post=50185"},{"taxonomy":"post_tag","embeddable":true,"href":"https:\/\/clickcarangola.com.br\/site\/wp-json\/wp\/v2\/tags?post=50185"}],"curies":[{"name":"wp","href":"https:\/\/api.w.org\/{rel}","templated":true}]}}