{"id":50201,"date":"2024-09-18T08:00:00","date_gmt":"2024-09-18T11:00:00","guid":{"rendered":"https:\/\/clickcarangola.com.br\/site\/?p=50201"},"modified":"2024-09-19T12:01:44","modified_gmt":"2024-09-19T15:01:44","slug":"carro-capota-e-bebe-de-dois-meses-sai-ileso-de-acidente-na-br-116-crianca-estava-na-cadeirinha","status":"publish","type":"post","link":"https:\/\/clickcarangola.com.br\/site\/18\/09\/2024\/carro-capota-e-bebe-de-dois-meses-sai-ileso-de-acidente-na-br-116-crianca-estava-na-cadeirinha\/","title":{"rendered":"Carro capota e beb\u00ea de dois meses sai ileso de acidente na BR-116; crian\u00e7a estava na cadeirinha"},"content":{"rendered":"<p><img loading=\"lazy\" decoding=\"async\" class=\"alignleft\" src=\"https:\/\/clickcarangola.com.br\/site\/wp-content\/uploads\/2024\/09\/Carro-capota-com-beb\u00ea.png\" alt=\"\" width=\"300\" height=\"226\" \/>LEOPOLDINA &#8211; Quatro pessoas, ficaram feridas, no fim desta ter\u00e7a-feira (17), em Leopoldina, ap\u00f3s um carro capotar, no km 747, da BR-116.<\/p>\n<p>De acordo com informa\u00e7\u00f5es da Pol\u00edcia Rodovi\u00e1ria Federal (PRF), o condutor do ve\u00edculo, estava vindo de Mag\u00e9, no Rio de Janeiro, quando perdeu o controle da dire\u00e7\u00e3o e capotou.<!--more--><\/p>\n<p>Chovia no momento do acidente.<\/p>\n<p>A EcoRioMinas esteve no local e prestou socorro aos ocupantes, que sofreram apenas les\u00f5es leves.<\/p>\n<p>O beb\u00ea estava na cadeirinha e n\u00e3o se feriu.<\/p>\n<p><strong>Confira as imagens:<\/strong><\/p>\n<p><img loading=\"lazy\" decoding=\"async\" src=\"https:\/\/clickcarangola.com.br\/site\/wp-content\/uploads\/2024\/09\/Carro-capota-com-beb\u00ea.png\" alt=\"\" width=\"400\" height=\"300\" \/><\/p>\n<p><strong>Por: Click Carangola<\/strong> | Com informa\u00e7\u00f5es da PRF e R\u00e1dio Muria\u00e9.<\/p>\n","protected":false},"excerpt":{"rendered":"<p>LEOPOLDINA &#8211; Quatro pessoas, ficaram feridas, no fim desta ter\u00e7a-feira (17), em Leopoldina, ap\u00f3s um carro capotar, no km 747, da BR-116. De acordo com informa\u00e7\u00f5es da Pol\u00edcia Rodovi\u00e1ria Federal (PRF), o condutor do ve\u00edculo, estava vindo de Mag\u00e9, no Rio de Janeiro, quando perdeu o controle da dire\u00e7\u00e3o e capotou.<\/p>\n","protected":false},"author":2,"featured_media":50204,"comment_status":"open","ping_status":"open","sticky":false,"template":"","format":"standard","meta":{"footnotes":""},"categories":[1],"tags":[],"class_list":["post-50201","post","type-post","status-publish","format-standard","has-post-thumbnail","hentry","category-regional"],"_links":{"self":[{"href":"https:\/\/clickcarangola.com.br\/site\/wp-json\/wp\/v2\/posts\/50201","targetHints":{"allow":["GET"]}}],"collection":[{"href":"https:\/\/clickcarangola.com.br\/site\/wp-json\/wp\/v2\/posts"}],"about":[{"href":"https:\/\/clickcarangola.com.br\/site\/wp-json\/wp\/v2\/types\/post"}],"author":[{"embeddable":true,"href":"https:\/\/clickcarangola.com.br\/site\/wp-json\/wp\/v2\/users\/2"}],"replies":[{"embeddable":true,"href":"https:\/\/clickcarangola.com.br\/site\/wp-json\/wp\/v2\/comments?post=50201"}],"version-history":[{"count":5,"href":"https:\/\/clickcarangola.com.br\/site\/wp-json\/wp\/v2\/posts\/50201\/revisions"}],"predecessor-version":[{"id":50206,"href":"https:\/\/clickcarangola.com.br\/site\/wp-json\/wp\/v2\/posts\/50201\/revisions\/50206"}],"wp:featuredmedia":[{"embeddable":true,"href":"https:\/\/clickcarangola.com.br\/site\/wp-json\/wp\/v2\/media\/50204"}],"wp:attachment":[{"href":"https:\/\/clickcarangola.com.br\/site\/wp-json\/wp\/v2\/media?parent=50201"}],"wp:term":[{"taxonomy":"category","embeddable":true,"href":"https:\/\/clickcarangola.com.br\/site\/wp-json\/wp\/v2\/categories?post=50201"},{"taxonomy":"post_tag","embeddable":true,"href":"https:\/\/clickcarangola.com.br\/site\/wp-json\/wp\/v2\/tags?post=50201"}],"curies":[{"name":"wp","href":"https:\/\/api.w.org\/{rel}","templated":true}]}}