{"id":50313,"date":"2024-10-06T18:00:41","date_gmt":"2024-10-06T21:00:41","guid":{"rendered":"https:\/\/clickcarangola.com.br\/site\/?p=50313"},"modified":"2024-10-06T19:25:04","modified_gmt":"2024-10-06T22:25:04","slug":"silas-vieira-psd-e-reeleito-prefeito-de-carangola-confira-os-numeros-da-disputa-eleitoral","status":"publish","type":"post","link":"https:\/\/clickcarangola.com.br\/site\/06\/10\/2024\/silas-vieira-psd-e-reeleito-prefeito-de-carangola-confira-os-numeros-da-disputa-eleitoral\/","title":{"rendered":"Silas Vieira (PSD) \u00e9 reeleito prefeito de Carangola; confira os n\u00fameros da disputa eleitoral"},"content":{"rendered":"<p><img loading=\"lazy\" decoding=\"async\" class=\"alignleft\" src=\"https:\/\/clickcarangola.com.br\/site\/wp-content\/uploads\/2024\/10\/Silas-Vieira-\u00e9-reeleito.png\" alt=\"\" width=\"300\" height=\"226\" \/>CARANGOLA \u2013 Silas Vieira (PSD), de 70 anos, \u00e9 reeleito prefeito de Carangola, na Zona da Mata Mineira. Segundo dados do Tribunal Superior Eleitoral (TSE), ele foi reeleito neste domingo (06), com 12.211 votos, e 70% dos votos v\u00e1lidos, com 100,00% das se\u00e7\u00f5es totalizadas.<\/p>\n<p>O empres\u00e1rio que \u00e9 propriet\u00e1rio da distribuidora de bebidas Caran-Cola, localizada \u00e0s margens da BR-482, concorreu pela coliga\u00e7\u00e3o &#8220;Renovando Compromissos e Esperan\u00e7as&#8221;.<!--more--><\/p>\n<p>Silas Vieira (PSD) e o vice Roberto Alves (PT) venceram a disputa pela prefeitura com Cezar Ricardo (PP) e Paulo Pettersen (REPUBLICANOS).<\/p>\n<ul>\n<li class=\"separador-itens\">\n<div class=\"flex flex-row px-4 pt-2 pb-3\">\n<div class=\"foto-grafico-pad flex-1 flex\"><\/div>\n<div class=\"flex-1 ml-2 pt-1\">\n<div class=\"flex flex-row items-start\">\n<div class=\"flex-1 flex flex-col-reverse\">\n<div class=\"text-gray-700 text-sm font-bold tracking-tight\"><strong>SILAS VIEIRA &#8211; PSD \u2013\u00a0<span aria-label=\"N\u00famero 55.\">55<\/span><\/strong><\/div>\n<\/div>\n<div class=\"flex flex-col-reverse ml-6 text-right\">\n<div class=\"font-bold text-ion-tertiary text-sm\">70,15% \u00a0\u2022\u00a0\u00a012.211 &#8211; Votos computados<\/div>\n<\/div>\n<\/div>\n<\/div>\n<\/div>\n<\/li>\n<li class=\"separador-itens\">\n<div class=\"flex flex-row px-4 pt-2 pb-3\">\n<div class=\"foto-grafico-pad flex-1 flex\"><\/div>\n<div class=\"flex-1 ml-2 pt-1\">\n<div class=\"flex flex-row items-start\">\n<div class=\"flex-1 flex flex-col-reverse\">\n<div class=\"text-gray-700 text-sm font-bold tracking-tight\"><strong>CEZAR RICARDO &#8211; PP \u2013\u00a0<span aria-label=\"N\u00famero 11.\">11<\/span><\/strong><\/div>\n<\/div>\n<div class=\"flex flex-col-reverse ml-6 text-right\">\n<div class=\"font-bold text-ion-tertiary text-sm\">18,94% \u00a0\u2022\u00a0 3.297 &#8211; Votos computados<\/div>\n<\/div>\n<\/div>\n<\/div>\n<\/div>\n<\/li>\n<li class=\"separador-itens\">\n<div class=\"flex flex-row px-4 pt-2 pb-3\">\n<div class=\"foto-grafico-pad flex-1 flex\"><\/div>\n<div class=\"flex-1 ml-2 pt-1\">\n<div class=\"flex flex-row items-start\">\n<div class=\"flex-1 flex flex-col-reverse\">\n<div class=\"text-gray-700 text-sm font-bold tracking-tight\"><strong>PAULO PETTERSEN &#8211; REPUBLICANOS \u2013\u00a0<span aria-label=\"N\u00famero 10.\">10<\/span><\/strong><\/div>\n<\/div>\n<div class=\"flex flex-col-reverse ml-6 text-right\">\n<div class=\"font-bold text-ion-tertiary text-sm\">10,91% \u00a0\u2022\u00a0\u00a01.900 &#8211; Votos computados<\/div>\n<\/div>\n<\/div>\n<\/div>\n<\/div>\n<\/li>\n<\/ul>\n<p><strong>Confira tamb\u00e9m os vereadores eleitos. <a href=\"https:\/\/resultados.tse.jus.br\/oficial\/app\/index.html#\/eleicao;e=e619;uf=mg;mu=42650;ufbu=mg;mubu=42650;tipo=3\/resultados\/cargo\/13\">Clique aqui!<\/a><\/strong><\/p>\n<p><strong>Elei\u00e7\u00f5es 2024 &#8211; Voc\u00ea decide no Click Carangola!<\/strong><\/p>\n","protected":false},"excerpt":{"rendered":"<p>CARANGOLA \u2013 Silas Vieira (PSD), de 70 anos, \u00e9 reeleito prefeito de Carangola, na Zona da Mata Mineira. Segundo dados do Tribunal Superior Eleitoral (TSE), ele foi reeleito neste domingo (06), com 12.211 votos, e 70% dos votos v\u00e1lidos, com 100,00% das se\u00e7\u00f5es totalizadas. O empres\u00e1rio que \u00e9 propriet\u00e1rio da distribuidora de bebidas Caran-Cola, localizada [&hellip;]<\/p>\n","protected":false},"author":2,"featured_media":50314,"comment_status":"open","ping_status":"open","sticky":false,"template":"","format":"standard","meta":{"footnotes":""},"categories":[37],"tags":[],"class_list":["post-50313","post","type-post","status-publish","format-standard","has-post-thumbnail","hentry","category-carangola-mg"],"_links":{"self":[{"href":"https:\/\/clickcarangola.com.br\/site\/wp-json\/wp\/v2\/posts\/50313","targetHints":{"allow":["GET"]}}],"collection":[{"href":"https:\/\/clickcarangola.com.br\/site\/wp-json\/wp\/v2\/posts"}],"about":[{"href":"https:\/\/clickcarangola.com.br\/site\/wp-json\/wp\/v2\/types\/post"}],"author":[{"embeddable":true,"href":"https:\/\/clickcarangola.com.br\/site\/wp-json\/wp\/v2\/users\/2"}],"replies":[{"embeddable":true,"href":"https:\/\/clickcarangola.com.br\/site\/wp-json\/wp\/v2\/comments?post=50313"}],"version-history":[{"count":12,"href":"https:\/\/clickcarangola.com.br\/site\/wp-json\/wp\/v2\/posts\/50313\/revisions"}],"predecessor-version":[{"id":50326,"href":"https:\/\/clickcarangola.com.br\/site\/wp-json\/wp\/v2\/posts\/50313\/revisions\/50326"}],"wp:featuredmedia":[{"embeddable":true,"href":"https:\/\/clickcarangola.com.br\/site\/wp-json\/wp\/v2\/media\/50314"}],"wp:attachment":[{"href":"https:\/\/clickcarangola.com.br\/site\/wp-json\/wp\/v2\/media?parent=50313"}],"wp:term":[{"taxonomy":"category","embeddable":true,"href":"https:\/\/clickcarangola.com.br\/site\/wp-json\/wp\/v2\/categories?post=50313"},{"taxonomy":"post_tag","embeddable":true,"href":"https:\/\/clickcarangola.com.br\/site\/wp-json\/wp\/v2\/tags?post=50313"}],"curies":[{"name":"wp","href":"https:\/\/api.w.org\/{rel}","templated":true}]}}