{"id":5038,"date":"2012-04-24T16:01:35","date_gmt":"2012-04-24T19:01:35","guid":{"rendered":"https:\/\/clickcarangola.com.br\/site\/?p=5038"},"modified":"2012-04-24T16:25:55","modified_gmt":"2012-04-24T19:25:55","slug":"jovens-permanecem-desaparecidos-e-buscas-continuam-na-bahia","status":"publish","type":"post","link":"https:\/\/clickcarangola.com.br\/site\/24\/04\/2012\/jovens-permanecem-desaparecidos-e-buscas-continuam-na-bahia\/","title":{"rendered":"Jovens permanecem desaparecidos e buscas continuam na Bahia"},"content":{"rendered":"<p style=\"text-align: justify;\"><span style=\"color: #888888;\"><img loading=\"lazy\" decoding=\"async\" class=\"alignleft\" src=\"https:\/\/s.glbimg.com\/jo\/g1\/f\/original\/2012\/04\/23\/desaparecidos.jpg\" alt=\"\" width=\"300\" height=\"226\" \/>A Secretaria de Seguran\u00e7a P\u00fablica da Bahia confirmou na tarde desta ter\u00e7a-feira (24) que os corpos e o carro onde estariam os cinco jovens que est\u00e3o desaparecidos desde a noite da \u00faltima sexta-feira (20) n\u00e3o foram encontrados na manh\u00e3 de hoje no sul da Bahia. Os jovens seguiam viagem de S\u00e3o Mateus (ES) para Prado (BA) para uma festa de anivers\u00e1rio, mas desapareceram sem deixar pistas.<\/span><\/p>\n<p style=\"text-align: justify;\"><span style=\"color: #888888;\">A informa\u00e7\u00e3o chegou a ser divulgada pelo governo do\u00a0Esp\u00edrito Santo, que disse que um ve\u00edculo semelhante ao usado pelos desaparecidos havia sido encontrado em um precip\u00edcio a 12 km de Posto da Mata, na cidade de Nova Vi\u00e7osa\u00a0(BA), e estaria com corpos, ainda n\u00e3o identificados, em seu interior. Equipes foram enviadas ao local, mas, segundo o\u00a0delegado da Superintend\u00eancia de Pol\u00edcia do Interior do Esp\u00edrito Santo, Danilo Bahiense, n\u00e3o foram encontrados vest\u00edgios do grupo.<!--more--><\/span><\/p>\n<p style=\"text-align: justify;\"><span style=\"color: #888888;\">Est\u00e3o desaparecidos Andr\u00e9 Gal\u00e3o, 28, ex-estudante de design de moda do Centro Universit\u00e1rio do Esp\u00edrito Santo (Unesc), Izadora Ribeiro, 21, Rosaflor Oliveira, 24, Amanda Oliveira, 22, e Marllonn Amaral, 21 &#8211; todos estudantes de biologia do Centro Universit\u00e1rio Norte do Esp\u00edrito Santo (Ceunes).<\/span><\/p>\n<p style=\"text-align: justify;\"><span style=\"color: #888888;\">Segundo a\u00a0Secretaria\u00a0de Seguran\u00e7a P\u00fablica da Bahia, quem coordena as buscas na regi\u00e3o \u00e9 o delegado Marcos Vin\u00edcius Almeida, da\u00a08\u00aa Coordenadoria Regional de Pol\u00edcia do Interior. Al\u00e9m de um helic\u00f3ptero da pol\u00edcia baiana, tamb\u00e9m um do governo do ES foi enviado ao local para ajudar na varredura da regi\u00e3o. A pol\u00edcia trabalha com a hip\u00f3tese de que os jovens estejam vivos.<\/span><\/p>\n<p style=\"text-align: justify;\"><span style=\"color: #ff0000;\">Caminho que poderia ser percorrido por jovens:<\/span><\/p>\n<p><span style=\"color: #888888;\"><img loading=\"lazy\" decoding=\"async\" title=\"Reprodu\u00e7\u00e3o\/MapLink\" src=\"https:\/\/imguol.com\/2012\/04\/23\/mapa-da-rota-entre-sao-mateus-es-e-prado-ba-caminho-que-cinco-jovens-percorreriam-para-ir-a-uma-festa-de-aniversario-o-grupo-esta-desaparecido-desde-sexta-feira-20-1335228294537_300x500.gif\" border=\"0\" alt=\"Reprodu\u00e7\u00e3o\/MapLink\" width=\"300\" height=\"500\" \/><\/span><\/p>\n<p style=\"text-align: justify;\"><span style=\"color: #888888;\">O grupo de cinco jovens partiu na noite de sexta (20) de S\u00e3o Mateus (ES), com destino a Prado (BA).<\/span><\/p>\n<p style=\"text-align: justify;\"><span style=\"color: #ff0000;\">Entenda o caso:<br \/>\n<\/span><\/p>\n<p style=\"text-align: justify;\"><span style=\"color: #888888;\">Os jovens viajavam, por volta das 19h da \u00faltima sexta-feira, em um carro Fiat Punto de cor bege em dire\u00e7\u00e3o \u00e0 festa de anivers\u00e1rio da m\u00e3e de Izadora.\u00a0O percurso entre S\u00e3o Mateus\u00a0e Prado deveria ser feito em cerca de 3 horas. Como o grupo n\u00e3o chegou ao destino, os familiares tentaram ligar para os telefones celulares dos estudantes, mas todas as liga\u00e7\u00f5es ca\u00edram na caixa postal.<\/span><\/p>\n<p style=\"text-align: justify;\"><span style=\"color: #888888;\">Segundo\u00a0a pol\u00edcia de S\u00e3o Mateus, o grupo teria sido visto pela \u00faltima vez em um posto de gasolina do distrito de\u00a0Itabat\u00e3, no munic\u00edpio de Mucuri,\u00a0sul da Bahia.\u00a0<\/span><\/p>\n<p style=\"text-align: justify;\"><span style=\"color: #888888;\">Imagens da c\u00e2mera de seguran\u00e7a de um posto de gasolina na cidade de Pedro Can\u00e1rio, no Esp\u00edrito Santo,\u00a0distante apenas 10 km da divisa com a Bahia, podem ajudar na investiga\u00e7\u00e3o sobre o desaparecimento dos jovens. O v\u00eddeo\u00a0j\u00e1 foi solicitado\u00a0e, apesar da baixa qualidade, poder\u00e1 dar alguma pista sobre o paradeiro do grupo.<\/span><\/p>\n<p style=\"text-align: justify;\"><span style=\"color: #888888;\">\u201cH\u00e1 algumas hip\u00f3teses para o que possa ter acontecido como a suspeita de acidente de carro, homic\u00eddio ou latroc\u00ednio\u201d, afirmou o\u00a0delegado de S\u00e3o Mateus (ES) que investiga o caso,\u00a0Janderson Lube.<\/span><\/p>\n<p style=\"text-align: justify;\"><span style=\"color: #888888;\">Segundo a m\u00e3e de Andr\u00e9 Gal\u00e3o,\u00a0Gl\u00f3ria,\u00a0as buscas foram iniciadas pelos familiares j\u00e1 na manh\u00e3 de s\u00e1bado (21): ela informou que o trajeto entre S\u00e3o Mateus e Prado foi refeito diversas vezes por parentes. \u201cTudo ainda \u00e9 muito vago, \u00e9 como se um carro e cinco pessoas pudessem desaparecer como fuma\u00e7a, como se pudessem desintegrar\u201d, afirmou ontem.<\/span><\/p>\n<p style=\"text-align: justify;\"><span style=\"color: #888888;\">Al\u00e9m dos familiares e da pol\u00edcia, o caso vem sendo divulgado nas m\u00eddias sociais com a ajuda de amigos. Com informa\u00e7\u00f5es de Fl\u00e1via Bernardes.<\/span><\/p>\n<p style=\"text-align: justify;\"><strong><span style=\"color: #888888;\">Por: Click Carangola<\/span><\/strong><\/p>\n","protected":false},"excerpt":{"rendered":"<p>A Secretaria de Seguran\u00e7a P\u00fablica da Bahia confirmou na tarde desta ter\u00e7a-feira (24) que os corpos e o carro onde estariam os cinco jovens que est\u00e3o desaparecidos desde a noite da \u00faltima sexta-feira (20) n\u00e3o foram encontrados na manh\u00e3 de hoje no sul da Bahia. Os jovens seguiam viagem de S\u00e3o Mateus (ES) para Prado [&hellip;]<\/p>\n","protected":false},"author":2,"featured_media":0,"comment_status":"open","ping_status":"open","sticky":false,"template":"","format":"standard","meta":{"footnotes":""},"categories":[32],"tags":[],"class_list":["post-5038","post","type-post","status-publish","format-standard","hentry","category-destaque-principal"],"_links":{"self":[{"href":"https:\/\/clickcarangola.com.br\/site\/wp-json\/wp\/v2\/posts\/5038","targetHints":{"allow":["GET"]}}],"collection":[{"href":"https:\/\/clickcarangola.com.br\/site\/wp-json\/wp\/v2\/posts"}],"about":[{"href":"https:\/\/clickcarangola.com.br\/site\/wp-json\/wp\/v2\/types\/post"}],"author":[{"embeddable":true,"href":"https:\/\/clickcarangola.com.br\/site\/wp-json\/wp\/v2\/users\/2"}],"replies":[{"embeddable":true,"href":"https:\/\/clickcarangola.com.br\/site\/wp-json\/wp\/v2\/comments?post=5038"}],"version-history":[{"count":9,"href":"https:\/\/clickcarangola.com.br\/site\/wp-json\/wp\/v2\/posts\/5038\/revisions"}],"predecessor-version":[{"id":5041,"href":"https:\/\/clickcarangola.com.br\/site\/wp-json\/wp\/v2\/posts\/5038\/revisions\/5041"}],"wp:attachment":[{"href":"https:\/\/clickcarangola.com.br\/site\/wp-json\/wp\/v2\/media?parent=5038"}],"wp:term":[{"taxonomy":"category","embeddable":true,"href":"https:\/\/clickcarangola.com.br\/site\/wp-json\/wp\/v2\/categories?post=5038"},{"taxonomy":"post_tag","embeddable":true,"href":"https:\/\/clickcarangola.com.br\/site\/wp-json\/wp\/v2\/tags?post=5038"}],"curies":[{"name":"wp","href":"https:\/\/api.w.org\/{rel}","templated":true}]}}