{"id":50385,"date":"2024-10-30T08:00:56","date_gmt":"2024-10-30T11:00:56","guid":{"rendered":"https:\/\/clickcarangola.com.br\/site\/?p=50385"},"modified":"2024-10-30T15:29:10","modified_gmt":"2024-10-30T18:29:10","slug":"ciclista-e-atropelado-por-onibus-e-morre-na-br-116-vitima-tinha-37-anos","status":"publish","type":"post","link":"https:\/\/clickcarangola.com.br\/site\/30\/10\/2024\/ciclista-e-atropelado-por-onibus-e-morre-na-br-116-vitima-tinha-37-anos\/","title":{"rendered":"Ciclista \u00e9 atropelado por \u00f4nibus e morre na BR-116; v\u00edtima tinha 37 anos"},"content":{"rendered":"<p><img loading=\"lazy\" decoding=\"async\" class=\"alignleft\" src=\"https:\/\/clickcarangola.com.br\/site\/wp-content\/uploads\/2024\/10\/Ciclista-\u00e9-atropelado-01.jpeg\" alt=\"\" width=\"300\" height=\"226\" \/>DIVINO \/ FERVEDOURO &#8211; Um ciclista, de 37 anos, morreu na noite desta ter\u00e7a-feira (29), na BR-116, entre os munic\u00edpios de Divino e Fervedouro.<\/p>\n<p>Segundo informa\u00e7\u00f5es, ele foi atropelado por um \u00f4nibus, que seguia na mesma dire\u00e7\u00e3o. O rapaz, de 37, que \u00e9 morador da Comunidade Santa Rita, teve o \u00f3bito confirmado, ainda no local do acidente.<!--more--><\/p>\n<p>Uma equipe do SAMU 192 e funcion\u00e1rios da EcoRioMinas foram at\u00e9 o local, mas n\u00e3o puderam fazer nada. No momento do acidente, chovia na estrada.<\/p>\n<p>O corpo foi encaminhado ao Instituto M\u00e9dico legal (IML) e hoje pela manh\u00e3, liberado aos familiares.<\/p>\n<p><strong>Confira as imagens:<\/strong><\/p>\n<p><img loading=\"lazy\" decoding=\"async\" src=\"https:\/\/clickcarangola.com.br\/site\/wp-content\/uploads\/2024\/10\/Ciclista-\u00e9-atropelado-01.jpeg\" alt=\"\" width=\"400\" height=\"300\" \/><br \/>\n<img loading=\"lazy\" decoding=\"async\" src=\"https:\/\/clickcarangola.com.br\/site\/wp-content\/uploads\/2024\/10\/Ciclista-\u00e9-atropelado-02.jpeg\" alt=\"\" width=\"400\" height=\"300\" \/><br \/>\n<img loading=\"lazy\" decoding=\"async\" src=\"https:\/\/clickcarangola.com.br\/site\/wp-content\/uploads\/2024\/10\/Ciclista-\u00e9-atropelado-03.jpeg\" alt=\"\" width=\"400\" height=\"300\" \/><\/p>\n<p><strong>Por: Click Carangola<\/strong> | Com informa\u00e7\u00f5es da PC e R\u00e1dio Muria\u00e9.<\/p>\n","protected":false},"excerpt":{"rendered":"<p>DIVINO \/ FERVEDOURO &#8211; Um ciclista, de 37 anos, morreu na noite desta ter\u00e7a-feira (29), na BR-116, entre os munic\u00edpios de Divino e Fervedouro. Segundo informa\u00e7\u00f5es, ele foi atropelado por um \u00f4nibus, que seguia na mesma dire\u00e7\u00e3o. O rapaz, de 37, que \u00e9 morador da Comunidade Santa Rita, teve o \u00f3bito confirmado, ainda no local [&hellip;]<\/p>\n","protected":false},"author":2,"featured_media":50388,"comment_status":"open","ping_status":"open","sticky":false,"template":"","format":"standard","meta":{"footnotes":""},"categories":[43,47],"tags":[],"class_list":["post-50385","post","type-post","status-publish","format-standard","has-post-thumbnail","hentry","category-divino-mg","category-fervedouro-mg"],"_links":{"self":[{"href":"https:\/\/clickcarangola.com.br\/site\/wp-json\/wp\/v2\/posts\/50385","targetHints":{"allow":["GET"]}}],"collection":[{"href":"https:\/\/clickcarangola.com.br\/site\/wp-json\/wp\/v2\/posts"}],"about":[{"href":"https:\/\/clickcarangola.com.br\/site\/wp-json\/wp\/v2\/types\/post"}],"author":[{"embeddable":true,"href":"https:\/\/clickcarangola.com.br\/site\/wp-json\/wp\/v2\/users\/2"}],"replies":[{"embeddable":true,"href":"https:\/\/clickcarangola.com.br\/site\/wp-json\/wp\/v2\/comments?post=50385"}],"version-history":[{"count":10,"href":"https:\/\/clickcarangola.com.br\/site\/wp-json\/wp\/v2\/posts\/50385\/revisions"}],"predecessor-version":[{"id":50397,"href":"https:\/\/clickcarangola.com.br\/site\/wp-json\/wp\/v2\/posts\/50385\/revisions\/50397"}],"wp:featuredmedia":[{"embeddable":true,"href":"https:\/\/clickcarangola.com.br\/site\/wp-json\/wp\/v2\/media\/50388"}],"wp:attachment":[{"href":"https:\/\/clickcarangola.com.br\/site\/wp-json\/wp\/v2\/media?parent=50385"}],"wp:term":[{"taxonomy":"category","embeddable":true,"href":"https:\/\/clickcarangola.com.br\/site\/wp-json\/wp\/v2\/categories?post=50385"},{"taxonomy":"post_tag","embeddable":true,"href":"https:\/\/clickcarangola.com.br\/site\/wp-json\/wp\/v2\/tags?post=50385"}],"curies":[{"name":"wp","href":"https:\/\/api.w.org\/{rel}","templated":true}]}}