{"id":50414,"date":"2024-11-02T17:00:05","date_gmt":"2024-11-02T20:00:05","guid":{"rendered":"https:\/\/clickcarangola.com.br\/site\/?p=50414"},"modified":"2024-11-02T18:58:27","modified_gmt":"2024-11-02T21:58:27","slug":"motociclista-morre-apos-sofrer-acidente-na-zona-rural-vitima-tinha-55-anos","status":"publish","type":"post","link":"https:\/\/clickcarangola.com.br\/site\/02\/11\/2024\/motociclista-morre-apos-sofrer-acidente-na-zona-rural-vitima-tinha-55-anos\/","title":{"rendered":"Motociclista morre ap\u00f3s sofrer acidente na zona rural; v\u00edtima tinha 55 anos"},"content":{"rendered":"<p><img loading=\"lazy\" decoding=\"async\" class=\"alignleft\" src=\"https:\/\/clickcarangola.com.br\/site\/wp-content\/uploads\/2024\/11\/Motociclista-morre-01.jpg\" alt=\"\" width=\"300\" height=\"226\" \/>Atualizada 18h <em>&#8211; <\/em>EUGEN\u00d3POLIS &#8211; Um motociclista, identificado como Carlos Cassin da Silva Filho, de 55 anos, morreu, v\u00edtima de um acidente, na localidade conhecida como Pedra Redonda, zona rural de Eugen\u00f3polis, na tarde deste s\u00e1bado (02).<\/p>\n<p>N\u00e3o h\u00e1 informa\u00e7\u00f5es, sobre a din\u00e2mica do acidente, e a Pol\u00edcia Militar (PM) &#8211; 190 foi acionada para o registro da ocorr\u00eancia.<!--more--><\/p>\n<p>A per\u00edcia t\u00e9cnica da Pol\u00edcia Civil (PC) compareceu ao local dos fatos, realizou os trabalhos e na sequ\u00eancia, liberou o corpo ao Instituto M\u00e9dico Legal (IML). Em breve, mais informa\u00e7\u00f5es.<\/p>\n<p><strong>Confira as imagens:<\/strong><\/p>\n<p><img loading=\"lazy\" decoding=\"async\" src=\"https:\/\/clickcarangola.com.br\/site\/wp-content\/uploads\/2024\/11\/Motociclista-morre-01.jpg\" alt=\"\" width=\"400\" height=\"300\" \/><br \/>\n<img loading=\"lazy\" decoding=\"async\" src=\"https:\/\/clickcarangola.com.br\/site\/wp-content\/uploads\/2024\/11\/Motociclista-morre-02.jpg\" alt=\"\" width=\"400\" height=\"300\" \/><\/p>\n<p><strong>Por: Click Carangola<\/strong> | Com informa\u00e7\u00f5es da PC e R\u00e1dio Muria\u00e9.<\/p>\n","protected":false},"excerpt":{"rendered":"<p>Atualizada 18h &#8211; EUGEN\u00d3POLIS &#8211; Um motociclista, identificado como Carlos Cassin da Silva Filho, de 55 anos, morreu, v\u00edtima de um acidente, na localidade conhecida como Pedra Redonda, zona rural de Eugen\u00f3polis, na tarde deste s\u00e1bado (02). N\u00e3o h\u00e1 informa\u00e7\u00f5es, sobre a din\u00e2mica do acidente, e a Pol\u00edcia Militar (PM) &#8211; 190 foi acionada para [&hellip;]<\/p>\n","protected":false},"author":2,"featured_media":50426,"comment_status":"open","ping_status":"open","sticky":false,"template":"","format":"standard","meta":{"footnotes":""},"categories":[1],"tags":[],"class_list":["post-50414","post","type-post","status-publish","format-standard","has-post-thumbnail","hentry","category-regional"],"_links":{"self":[{"href":"https:\/\/clickcarangola.com.br\/site\/wp-json\/wp\/v2\/posts\/50414","targetHints":{"allow":["GET"]}}],"collection":[{"href":"https:\/\/clickcarangola.com.br\/site\/wp-json\/wp\/v2\/posts"}],"about":[{"href":"https:\/\/clickcarangola.com.br\/site\/wp-json\/wp\/v2\/types\/post"}],"author":[{"embeddable":true,"href":"https:\/\/clickcarangola.com.br\/site\/wp-json\/wp\/v2\/users\/2"}],"replies":[{"embeddable":true,"href":"https:\/\/clickcarangola.com.br\/site\/wp-json\/wp\/v2\/comments?post=50414"}],"version-history":[{"count":5,"href":"https:\/\/clickcarangola.com.br\/site\/wp-json\/wp\/v2\/posts\/50414\/revisions"}],"predecessor-version":[{"id":50431,"href":"https:\/\/clickcarangola.com.br\/site\/wp-json\/wp\/v2\/posts\/50414\/revisions\/50431"}],"wp:featuredmedia":[{"embeddable":true,"href":"https:\/\/clickcarangola.com.br\/site\/wp-json\/wp\/v2\/media\/50426"}],"wp:attachment":[{"href":"https:\/\/clickcarangola.com.br\/site\/wp-json\/wp\/v2\/media?parent=50414"}],"wp:term":[{"taxonomy":"category","embeddable":true,"href":"https:\/\/clickcarangola.com.br\/site\/wp-json\/wp\/v2\/categories?post=50414"},{"taxonomy":"post_tag","embeddable":true,"href":"https:\/\/clickcarangola.com.br\/site\/wp-json\/wp\/v2\/tags?post=50414"}],"curies":[{"name":"wp","href":"https:\/\/api.w.org\/{rel}","templated":true}]}}