{"id":5048,"date":"2012-04-25T06:00:47","date_gmt":"2012-04-25T09:00:47","guid":{"rendered":"https:\/\/clickcarangola.com.br\/site\/?p=5048"},"modified":"2012-04-24T19:13:05","modified_gmt":"2012-04-24T22:13:05","slug":"sociedade-21-de-abril-comemora-95-anos","status":"publish","type":"post","link":"https:\/\/clickcarangola.com.br\/site\/25\/04\/2012\/sociedade-21-de-abril-comemora-95-anos\/","title":{"rendered":"Sociedade 21 de Abril comemora 95 anos"},"content":{"rendered":"<p style=\"text-align: justify;\"><img loading=\"lazy\" decoding=\"async\" class=\"alignleft\" src=\"https:\/\/www.carangola.mg.gov.br\/portal\/images\/stories\/thumbnails\/images-stories-secretarias-cultura_patr_historico-noticias-21%20de%20abril-350x227.png\" alt=\"\" width=\"300\" height=\"226\" \/><span style=\"color: #888888;\">Fundada em 1917, a Sociedade 21 de Abril tem sua hist\u00f3ria intimamente ligada \u00e0 tradi\u00e7\u00e3o e mem\u00f3ria da vida social carangolense, \u00e9poca em que as formas de organiza\u00e7\u00e3o social eram m\u00faltiplas e cotidianas na vida do interior de Minas Gerais.<\/span><\/p>\n<p style=\"text-align: justify;\"><span style=\"color: #888888;\">Reunindo quase sempre oper\u00e1rios de diversos of\u00edcios, tinha como objetivo a defesa dos interesses imediatos e comuns de todas as categorias.<!--more--><\/span><\/p>\n<p style=\"text-align: justify;\"><span style=\"color: #888888;\">Na administra\u00e7\u00e3o anterior, teve seu pr\u00e9dio tombado pelo Patrim\u00f4nio Hist\u00f3rico Municipal pelo Decreto n\u00ba 4618\/2010 como tamb\u00e9m a Lira 21de Abril, pelo Decreto n\u00ba 4620\/2010, ambos datados de 06 de Outubro de 2010, o que al\u00e9m de preservar suas caracter\u00edsticas materiais e imateriais facilita o recebimento de verbas e doa\u00e7\u00f5es particulares e das esferas Municipal, Estadual e Federal.<\/span><\/p>\n<div style=\"text-align: justify;\"><span style=\"color: #888888;\">Hoje, sob nova Dire\u00e7\u00e3o a partir do dia 01\/Julho\/2011, andando pelos mesmos caminhos mas de um jeito diferente, \u00e9 comandada entusiasticamente pelo Professor Ismael Rodrigues da Silva, cuja Diretoria tamb\u00e9m rec\u00e9m empossada, prima pelo redirecionamento e amplia\u00e7\u00e3o dos trabalhos, para melhor atender a comunidade.<\/span><\/div>\n<div style=\"text-align: justify;\"><span style=\"color: #888888;\">\u00a0<\/span><\/div>\n<div style=\"text-align: justify;\"><span style=\"color: #888888;\">Contando com toda a comunidade carangolense faz um trabalho de resgate e conquista de novos s\u00f3cios, que participam com a quantia de R$10,00 mensais, para manuten\u00e7\u00e3o de despesas gerais da Institui\u00e7\u00e3o e recebendo inclusive diversas doa\u00e7\u00f5es.<\/span><\/div>\n<div style=\"text-align: justify;\"><span style=\"color: #888888;\">\u00a0<\/span><\/div>\n<div style=\"text-align: justify;\"><span style=\"color: #888888;\">Conta ainda com os poderes p\u00fablicos na assinatura de conv\u00eanios, participa\u00e7\u00f5es em editais, direcionamento de verbas p\u00fablicas e doa\u00e7\u00f5es diversas.<\/span><\/div>\n<div style=\"text-align: justify;\"><span style=\"color: #888888;\">\u00a0<\/span><\/div>\n<div style=\"text-align: justify;\"><span style=\"color: #888888;\">A Sociedade possui uma Equipe que conta com diversos membros entre Diretores, Conselheiros, Secret\u00e1ria, Ajudante de Servi\u00e7os Gerais, Guarda Mirim, Maestro e M\u00fasicos adultos e adolescentes da nossa t\u00e3o querida Banda de M\u00fasica Lira 21 de Abril.<\/span><\/div>\n<div style=\"text-align: justify;\"><span style=\"color: #888888;\">\u00a0<\/span><\/div>\n<div style=\"text-align: justify;\"><span style=\"color: #888888;\">A Sociedade 21 de Abril, por ser uma Institui\u00e7\u00e3o antiga, mantendo sua tradi\u00e7\u00e3o por todos estes anos 1917-2012, merece a total aten\u00e7\u00e3o e colabora\u00e7\u00e3o de todos os carangolenses e o carinho daqueles que j\u00e1 n\u00e3o residem mais aqui, mas que trazem Carangola em lugar especial em seus cora\u00e7\u00f5es.<\/span><\/div>\n<div style=\"text-align: justify;\"><span style=\"color: #888888;\">\u00a0<\/span><\/div>\n<div style=\"text-align: justify;\"><span style=\"color: #888888;\"><strong>Por: Click Carangola<\/strong><\/span><\/div>\n<div style=\"text-align: justify;\"><span style=\"color: #888888;\"><strong>\u00a0<\/strong><\/span><\/div>\n","protected":false},"excerpt":{"rendered":"<p>Fundada em 1917, a Sociedade 21 de Abril tem sua hist\u00f3ria intimamente ligada \u00e0 tradi\u00e7\u00e3o e mem\u00f3ria da vida social carangolense, \u00e9poca em que as formas de organiza\u00e7\u00e3o social eram m\u00faltiplas e cotidianas na vida do interior de Minas Gerais. Reunindo quase sempre oper\u00e1rios de diversos of\u00edcios, tinha como objetivo a defesa dos interesses imediatos [&hellip;]<\/p>\n","protected":false},"author":2,"featured_media":0,"comment_status":"open","ping_status":"open","sticky":false,"template":"","format":"standard","meta":{"footnotes":""},"categories":[37],"tags":[],"class_list":["post-5048","post","type-post","status-publish","format-standard","hentry","category-carangola-mg"],"_links":{"self":[{"href":"https:\/\/clickcarangola.com.br\/site\/wp-json\/wp\/v2\/posts\/5048","targetHints":{"allow":["GET"]}}],"collection":[{"href":"https:\/\/clickcarangola.com.br\/site\/wp-json\/wp\/v2\/posts"}],"about":[{"href":"https:\/\/clickcarangola.com.br\/site\/wp-json\/wp\/v2\/types\/post"}],"author":[{"embeddable":true,"href":"https:\/\/clickcarangola.com.br\/site\/wp-json\/wp\/v2\/users\/2"}],"replies":[{"embeddable":true,"href":"https:\/\/clickcarangola.com.br\/site\/wp-json\/wp\/v2\/comments?post=5048"}],"version-history":[{"count":6,"href":"https:\/\/clickcarangola.com.br\/site\/wp-json\/wp\/v2\/posts\/5048\/revisions"}],"predecessor-version":[{"id":5050,"href":"https:\/\/clickcarangola.com.br\/site\/wp-json\/wp\/v2\/posts\/5048\/revisions\/5050"}],"wp:attachment":[{"href":"https:\/\/clickcarangola.com.br\/site\/wp-json\/wp\/v2\/media?parent=5048"}],"wp:term":[{"taxonomy":"category","embeddable":true,"href":"https:\/\/clickcarangola.com.br\/site\/wp-json\/wp\/v2\/categories?post=5048"},{"taxonomy":"post_tag","embeddable":true,"href":"https:\/\/clickcarangola.com.br\/site\/wp-json\/wp\/v2\/tags?post=5048"}],"curies":[{"name":"wp","href":"https:\/\/api.w.org\/{rel}","templated":true}]}}