{"id":50529,"date":"2024-12-15T08:00:09","date_gmt":"2024-12-15T11:00:09","guid":{"rendered":"https:\/\/clickcarangola.com.br\/site\/?p=50529"},"modified":"2024-12-15T18:30:49","modified_gmt":"2024-12-15T21:30:49","slug":"medico-morre-apos-perder-controle-da-direcao-descer-ribanceira-de-15-metros-e-capotar-carro-na-br-116","status":"publish","type":"post","link":"https:\/\/clickcarangola.com.br\/site\/15\/12\/2024\/medico-morre-apos-perder-controle-da-direcao-descer-ribanceira-de-15-metros-e-capotar-carro-na-br-116\/","title":{"rendered":"M\u00e9dico morre ap\u00f3s perder controle da dire\u00e7\u00e3o, descer ribanceira de 15 metros e capotar carro na BR-116"},"content":{"rendered":"<p><img loading=\"lazy\" decoding=\"async\" class=\"alignleft\" src=\"https:\/\/clickcarangola.com.br\/site\/wp-content\/uploads\/2024\/12\/M\u00e9dico-morre-na-116.jpg\" alt=\"\" width=\"300\" height=\"226\" \/>AL\u00c9M PARA\u00cdBA &#8211; Um m\u00e9dico, de 31 anos, morreu ap\u00f3s perder o controle da dire\u00e7\u00e3o, atravessar a pista, descer de uma ribanceira de aprox. 15 metros de altura e capotar com o ve\u00edculo, no km 810 da BR-116, em Al\u00e9m Para\u00edba.<\/p>\n<p>O acidente aconteceu por volta das 17h30min deste s\u00e1bado (14).<!--more--><\/p>\n<p>Conforme informa\u00e7\u00f5es da Pol\u00edcia Rodovi\u00e1ria Federal (PRF), o m\u00e9dico dirigia um VW Fox no sentido Leopoldina\/Al\u00e9m Para\u00edba, quando teria perdido o controle em uma curva \u00e0 direita. O carro invadiu a contram\u00e3o, atravessou toda a pista de rolamento, descendo o barranco e parando com as quatro rodas do ve\u00edculo para cima.<\/p>\n<p>A morte foi confirmada ainda no local. O corpo, que ficou preso \u00e0s ferragens, foi retirado por uma equipe de resgate do Corpo de Bombeiros e da concession\u00e1ria EcoRioMinas, que administra o trecho, e, ap\u00f3s trabalhos periciais, liberado ao Instituto M\u00e9dico Legal (IML).<\/p>\n<p>Ainda segundo a PRF, a v\u00edtima, Felipe Garcia Prado, de 31 anos, viajava de Manhua\u00e7u-MG para o Rio de Janeiro-RJ.<\/p>\n<p><strong>Por: Click Carangola <\/strong>| Com informa\u00e7\u00f5es da PRF e G1.<\/p>\n","protected":false},"excerpt":{"rendered":"<p>AL\u00c9M PARA\u00cdBA &#8211; Um m\u00e9dico, de 31 anos, morreu ap\u00f3s perder o controle da dire\u00e7\u00e3o, atravessar a pista, descer de uma ribanceira de aprox. 15 metros de altura e capotar com o ve\u00edculo, no km 810 da BR-116, em Al\u00e9m Para\u00edba. O acidente aconteceu por volta das 17h30min deste s\u00e1bado (14).<\/p>\n","protected":false},"author":2,"featured_media":50531,"comment_status":"open","ping_status":"open","sticky":false,"template":"","format":"standard","meta":{"footnotes":""},"categories":[1],"tags":[],"class_list":["post-50529","post","type-post","status-publish","format-standard","has-post-thumbnail","hentry","category-regional"],"_links":{"self":[{"href":"https:\/\/clickcarangola.com.br\/site\/wp-json\/wp\/v2\/posts\/50529","targetHints":{"allow":["GET"]}}],"collection":[{"href":"https:\/\/clickcarangola.com.br\/site\/wp-json\/wp\/v2\/posts"}],"about":[{"href":"https:\/\/clickcarangola.com.br\/site\/wp-json\/wp\/v2\/types\/post"}],"author":[{"embeddable":true,"href":"https:\/\/clickcarangola.com.br\/site\/wp-json\/wp\/v2\/users\/2"}],"replies":[{"embeddable":true,"href":"https:\/\/clickcarangola.com.br\/site\/wp-json\/wp\/v2\/comments?post=50529"}],"version-history":[{"count":7,"href":"https:\/\/clickcarangola.com.br\/site\/wp-json\/wp\/v2\/posts\/50529\/revisions"}],"predecessor-version":[{"id":50537,"href":"https:\/\/clickcarangola.com.br\/site\/wp-json\/wp\/v2\/posts\/50529\/revisions\/50537"}],"wp:featuredmedia":[{"embeddable":true,"href":"https:\/\/clickcarangola.com.br\/site\/wp-json\/wp\/v2\/media\/50531"}],"wp:attachment":[{"href":"https:\/\/clickcarangola.com.br\/site\/wp-json\/wp\/v2\/media?parent=50529"}],"wp:term":[{"taxonomy":"category","embeddable":true,"href":"https:\/\/clickcarangola.com.br\/site\/wp-json\/wp\/v2\/categories?post=50529"},{"taxonomy":"post_tag","embeddable":true,"href":"https:\/\/clickcarangola.com.br\/site\/wp-json\/wp\/v2\/tags?post=50529"}],"curies":[{"name":"wp","href":"https:\/\/api.w.org\/{rel}","templated":true}]}}