{"id":50540,"date":"2024-12-25T08:00:37","date_gmt":"2024-12-25T11:00:37","guid":{"rendered":"https:\/\/clickcarangola.com.br\/site\/?p=50540"},"modified":"2024-12-25T18:37:45","modified_gmt":"2024-12-25T21:37:45","slug":"motorista-de-51-anos-capota-com-carro-na-br-356-e-morre-na-hora-prf-pede-atencao-redobrada-no-local","status":"publish","type":"post","link":"https:\/\/clickcarangola.com.br\/site\/25\/12\/2024\/motorista-de-51-anos-capota-com-carro-na-br-356-e-morre-na-hora-prf-pede-atencao-redobrada-no-local\/","title":{"rendered":"Motorista de 51 anos capota com carro na BR-356 e morre na hora; PRF pede aten\u00e7\u00e3o redobrada no local"},"content":{"rendered":"<p><img loading=\"lazy\" decoding=\"async\" class=\"alignleft\" src=\"https:\/\/clickcarangola.com.br\/site\/wp-content\/uploads\/2024\/12\/Motorista-de-51-anos-01.jpeg\" alt=\"\" width=\"300\" height=\"226\" \/>MURIA\u00c9 &#8211; Um homem, de 51 anos, morreu ap\u00f3s capotar com o carro, na madrugada desta quarta-feira (25\/12) &#8211; v\u00e9spera de Natal, na BR-356, em uma das curvas da Pratinha. A v\u00edtima, se chamava Anderson Pe\u00e7anha Quint\u00e3o e seguia sentido Muria\u00e9.<\/p>\n<p>De acordo com a Pol\u00edcia Rodovi\u00e1ria Federal (PRF) &#8211; 191, um dos motivos que levou Anderson ao \u00f3bito, foi ele estar sem o cinto de seguran\u00e7a. Ele foi arremessado para fora do ve\u00edculo, durante o capotamento e morreu na hora.<!--more--><\/p>\n<p>Ainda segundo a PRF, outros acidentes acontecem nas curvas, devido a inclina\u00e7\u00e3o irregular do trecho. A orienta\u00e7\u00e3o das autoridades \u00e9 que motoristas redobrem a aten\u00e7\u00e3o, ao passar pelo local e principalmente, reduzam a velocidade.<\/p>\n<p>O espa\u00e7o do acidente foi periciado e em seguida, o corpo levado por uma funer\u00e1ria ao Instituto M\u00e9dico Legal (IML).<\/p>\n<p><strong>Confira as imagens:<\/strong><\/p>\n<p><img loading=\"lazy\" decoding=\"async\" src=\"https:\/\/clickcarangola.com.br\/site\/wp-content\/uploads\/2024\/12\/Motorista-de-51-anos-01.jpeg\" alt=\"\" width=\"400\" height=\"300\" \/><br \/>\n<img loading=\"lazy\" decoding=\"async\" src=\"https:\/\/clickcarangola.com.br\/site\/wp-content\/uploads\/2024\/12\/Motorista-de-51-anos-02.jpeg\" alt=\"\" width=\"400\" height=\"300\" \/><br \/>\n<img loading=\"lazy\" decoding=\"async\" src=\"https:\/\/clickcarangola.com.br\/site\/wp-content\/uploads\/2024\/12\/Motorista-de-51-anos-03.jpeg\" alt=\"\" width=\"400\" height=\"300\" \/><br \/>\n<img loading=\"lazy\" decoding=\"async\" src=\"https:\/\/clickcarangola.com.br\/site\/wp-content\/uploads\/2024\/12\/Motorista-de-51-anos-04.jpeg\" alt=\"\" width=\"400\" height=\"300\" \/><br \/>\n<img loading=\"lazy\" decoding=\"async\" src=\"https:\/\/clickcarangola.com.br\/site\/wp-content\/uploads\/2024\/12\/Motorista-de-51-anos-05.jpeg\" alt=\"\" width=\"400\" height=\"300\" \/><br \/>\n<img loading=\"lazy\" decoding=\"async\" src=\"https:\/\/clickcarangola.com.br\/site\/wp-content\/uploads\/2024\/12\/Motorista-de-51-anos-06.jpeg\" alt=\"\" width=\"400\" height=\"300\" \/><br \/>\n<img loading=\"lazy\" decoding=\"async\" src=\"https:\/\/clickcarangola.com.br\/site\/wp-content\/uploads\/2024\/12\/Motorista-de-51-anos-07.jpeg\" alt=\"\" width=\"400\" height=\"300\" \/><br \/>\n<img loading=\"lazy\" decoding=\"async\" src=\"https:\/\/clickcarangola.com.br\/site\/wp-content\/uploads\/2024\/12\/Motorista-de-51-anos-08.jpeg\" alt=\"\" width=\"400\" height=\"300\" \/><br \/>\n<img loading=\"lazy\" decoding=\"async\" src=\"https:\/\/clickcarangola.com.br\/site\/wp-content\/uploads\/2024\/12\/Motorista-de-51-anos-09.jpeg\" alt=\"\" width=\"400\" height=\"300\" \/><br \/>\n<img loading=\"lazy\" decoding=\"async\" src=\"https:\/\/clickcarangola.com.br\/site\/wp-content\/uploads\/2024\/12\/Motorista-de-51-anos-10.jpeg\" alt=\"\" width=\"400\" height=\"300\" \/><br \/>\n<img loading=\"lazy\" decoding=\"async\" src=\"https:\/\/clickcarangola.com.br\/site\/wp-content\/uploads\/2024\/12\/Motorista-de-51-anos-11.jpeg\" alt=\"\" width=\"400\" height=\"300\" \/><\/p>\n<p><strong>Por: Click Carangola<\/strong> | Com informa\u00e7\u00f5es da PRF e R\u00e1dio Muria\u00e9.<\/p>\n","protected":false},"excerpt":{"rendered":"<p>MURIA\u00c9 &#8211; Um homem, de 51 anos, morreu ap\u00f3s capotar com o carro, na madrugada desta quarta-feira (25\/12) &#8211; v\u00e9spera de Natal, na BR-356, em uma das curvas da Pratinha. A v\u00edtima, se chamava Anderson Pe\u00e7anha Quint\u00e3o e seguia sentido Muria\u00e9. De acordo com a Pol\u00edcia Rodovi\u00e1ria Federal (PRF) &#8211; 191, um dos motivos que [&hellip;]<\/p>\n","protected":false},"author":2,"featured_media":50552,"comment_status":"open","ping_status":"open","sticky":false,"template":"","format":"standard","meta":{"footnotes":""},"categories":[1],"tags":[],"class_list":["post-50540","post","type-post","status-publish","format-standard","has-post-thumbnail","hentry","category-regional"],"_links":{"self":[{"href":"https:\/\/clickcarangola.com.br\/site\/wp-json\/wp\/v2\/posts\/50540","targetHints":{"allow":["GET"]}}],"collection":[{"href":"https:\/\/clickcarangola.com.br\/site\/wp-json\/wp\/v2\/posts"}],"about":[{"href":"https:\/\/clickcarangola.com.br\/site\/wp-json\/wp\/v2\/types\/post"}],"author":[{"embeddable":true,"href":"https:\/\/clickcarangola.com.br\/site\/wp-json\/wp\/v2\/users\/2"}],"replies":[{"embeddable":true,"href":"https:\/\/clickcarangola.com.br\/site\/wp-json\/wp\/v2\/comments?post=50540"}],"version-history":[{"count":11,"href":"https:\/\/clickcarangola.com.br\/site\/wp-json\/wp\/v2\/posts\/50540\/revisions"}],"predecessor-version":[{"id":50556,"href":"https:\/\/clickcarangola.com.br\/site\/wp-json\/wp\/v2\/posts\/50540\/revisions\/50556"}],"wp:featuredmedia":[{"embeddable":true,"href":"https:\/\/clickcarangola.com.br\/site\/wp-json\/wp\/v2\/media\/50552"}],"wp:attachment":[{"href":"https:\/\/clickcarangola.com.br\/site\/wp-json\/wp\/v2\/media?parent=50540"}],"wp:term":[{"taxonomy":"category","embeddable":true,"href":"https:\/\/clickcarangola.com.br\/site\/wp-json\/wp\/v2\/categories?post=50540"},{"taxonomy":"post_tag","embeddable":true,"href":"https:\/\/clickcarangola.com.br\/site\/wp-json\/wp\/v2\/tags?post=50540"}],"curies":[{"name":"wp","href":"https:\/\/api.w.org\/{rel}","templated":true}]}}