{"id":5058,"date":"2012-04-24T20:47:07","date_gmt":"2012-04-24T23:47:07","guid":{"rendered":"https:\/\/clickcarangola.com.br\/site\/?p=5058"},"modified":"2012-04-25T16:44:19","modified_gmt":"2012-04-25T19:44:19","slug":"corpos-de-universitarios-desaparecidos-sao-encontrados-dentro-do-rio-mucuri-na-bahia","status":"publish","type":"post","link":"https:\/\/clickcarangola.com.br\/site\/24\/04\/2012\/corpos-de-universitarios-desaparecidos-sao-encontrados-dentro-do-rio-mucuri-na-bahia\/","title":{"rendered":"Corpos de universit\u00e1rios desaparecidos s\u00e3o encontrados dentro do rio Mucuri na Bahia"},"content":{"rendered":"<p style=\"text-align: justify;\"><span style=\"color: #888888;\"><img loading=\"lazy\" decoding=\"async\" class=\"alignleft\" title=\"Divulga\u00e7\u00e3o\" src=\"https:\/\/midia.folhavitoria.com.br\/img\/lib\/2012\/04\/jovens_desaparecidos_rosaflor_oliveira_chacon_aman__97834f271e.jpg\" alt=\"Divulga\u00e7\u00e3o\" width=\"300\" height=\"226\" \/>Os cinco corpos dos estudantes que seguiam de S\u00e3o Mateus, no norte do Esp\u00edrito Santo, em dire\u00e7\u00e3o \u00e0 cidade de Prado, no litoral sul da Bahia, e desapareceram na \u00faltima sexta-feira (20), foram encontrados, no in\u00edcio da noite desta ter\u00e7a-feira. O ve\u00edculo estava debaixo de uma ponte que passa sobre o Rio Mucuri, na Bahia. <\/span><\/p>\n<p style=\"text-align: justify;\"><span style=\"color: #888888;\">A informa\u00e7\u00e3o foi confirmada em primeira m\u00e3o no Jornal da TV Vit\u00f3ria, da Record, pelo coronel da Pol\u00edcia Militar da Bahia e comandante da Companhia em A\u00e7\u00f5es Especializadas em Mata Atl\u00e2ntica (Caema), Ivanildo da Silva. O delegado da Superintend\u00eancia de Pol\u00edcia Interior do Esp\u00edrito Santo, Danilo Bahiense, tamb\u00e9m confirma a informa\u00e7\u00e3o.<!--more--><\/span><\/p>\n<p style=\"text-align: justify;\"><span style=\"color: #888888;\">Segundo o coronel Ivanildo, uma equipe da Pol\u00edcia Militar identificou o ve\u00edculo como sendo o dos jovens desaparecidos e, inclusive, um dos corpos, do sexo masculino, j\u00e1 foi resgatado e identificado.<\/span><\/p>\n<p style=\"text-align: justify;\"><span style=\"color: #888888;\">Uma equipe da Pol\u00edcia Rodovi\u00e1ria Federal do Esp\u00edrito Santo est\u00e1 seguindo para o local do poss\u00edvel acidente para auxiliar no resgate dos corpos.<\/span><\/p>\n<p style=\"text-align: justify;\"><span style=\"color: #ff0000;\">Not\u00edcia falsa durante a manh\u00e3<\/span><\/p>\n<p style=\"text-align: justify;\"><span style=\"color: #888888;\">Na manh\u00e3 desta ter\u00e7a-feira, uma informa\u00e7\u00e3o de um falso acidente foi confirmada inicialmente pela Secretaria de Seguran\u00e7a P\u00fablica do Esp\u00edrito Santo (Sesp) e divulgada amplamente pela imprensa capixaba e nacional. Horas ap\u00f3s a confirma\u00e7\u00e3o, o fato foi negado pelas autoridades policiais capixabas e baianas. As buscas continuaram por terra e ar, com a utiliza\u00e7\u00e3o de um helic\u00f3ptero da Pol\u00edcia Militar, durante todo o dia.<\/span><\/p>\n<p style=\"text-align: justify;\"><span style=\"color: #ff0000;\">O desaparecimento<\/span><\/p>\n<p style=\"text-align: justify;\"><span style=\"color: #888888;\">Rosaflor Oliveira Chacon, Amanda Oliveira, Marllonn Amaral, Izadora Ribeiro e Andre Gal\u00e3o estavam em um ve\u00edculo Fiat Punto de cor bege, com placas ODC-6985, quando desapareceram de forma misteriosa ap\u00f3s sa\u00edrem em viagem rumo a Prado, na Bahia.<\/span><\/p>\n<p style=\"text-align: justify;\"><span style=\"color: #888888;\">O grupo participaria da festa em comemora\u00e7\u00e3o ao anivers\u00e1rio da m\u00e3e de Izadora na cidade baiana. \u201cEles estavam programando essa viagem h\u00e1 uma semana. Era meu anivers\u00e1rio e todos queriam estar l\u00e1 em Prado, mas infelizmente, a gente aguardou, a hora foi passando, e a gente viu que alguma coisa de errado tinha acontecido\u201d, disse Doralice Ribeiro.<\/span><\/p>\n<p style=\"text-align: justify;\"><span style=\"color: #888888;\">A m\u00e3e da universit\u00e1ria Amanda disse que familiares ligaram para os amigos de todos os jovens, mas n\u00e3o conseguiram contato. \u201cTodos os celulares est\u00e3o fora de \u00e1rea, apesar de todos os meninos terem comunicado que estavam indo \u00e0s 19 horas na sexta-feira. Todos eles s\u00e3o respons\u00e1veis e disseram em casa que sairiam com destino a Prado\u201d, disse Concei\u00e7\u00e3o.<\/span><\/p>\n<p style=\"text-align: justify;\"><span style=\"color: #888888;\">Segundo o delegado de S\u00e3o Mateus, Janderson Lube, o grupo teria sido visto pela \u00faltima vez em um posto de gasolina do distrito de Itabat\u00e3, no munic\u00edpio de Mucuri, sul da Bahia. Desde o \u00faltimo s\u00e1bado, parentes dos jovens j\u00e1 faziam buscas, refazendo o mesmo percurso dos jovens.<\/span><br \/>\n<span style=\"color: #888888;\">Celulares desligados<\/span><\/p>\n<p style=\"text-align: justify;\"><span style=\"color: #888888;\">Na segunda-feira, ap\u00f3s assumir as investiga\u00e7\u00f5es do caso, o delegado Danilo Bahiense, superintendente de Pol\u00edcia do Interior do Esp\u00edrito Santo, informou que os telefones celulares dos universit\u00e1rios desaparecidos pararam de funcionar quase que simultaneamente, entre os munic\u00edpios de S\u00e3o Mateus e Pedro Can\u00e1rio, na noite de sexta-feira. \u201cOs telefones pararam de funcionar praticamente ao mesmo tempo&#8221;.<\/span><\/p>\n<p style=\"text-align: justify;\"><span style=\"color: #888888;\">Danilo Bahiense disse ainda que a investiga\u00e7\u00e3o recebeu apoio de dois delegados da Bahia. &#8220;N\u00f3s fizemos buscas por terra. Nesta ter\u00e7a-feira, vamos passar a contar com o apoio de um helic\u00f3ptero. \u00c9 uma \u00e1rea muita extensa, com matas. Por isso, teremos ajuda da aeronave&#8221;, salienta o delegado.<\/span><\/p>\n<p style=\"text-align: justify;\"><span style=\"color: #888888;\">O delegado afirmou ainda que o namorado de uma das universit\u00e1rias desaparecidas prestou depoimento nesta segunda-feira. \u201cEle n\u00e3o acrescentou nada al\u00e9m daquilo que j\u00e1 havia falado. O rapaz disse que brigou com a namorada, que pediu que ele n\u00e3o fosse \u00e0 festa em Prado, na Bahia\u201d, finaliza Bahiense.<\/span><\/p>\n<p style=\"text-align: justify;\"><span style=\"color: #888888;\"><strong>Por: Click Carangola<\/strong><\/span><\/p>\n","protected":false},"excerpt":{"rendered":"<p>Os cinco corpos dos estudantes que seguiam de S\u00e3o Mateus, no norte do Esp\u00edrito Santo, em dire\u00e7\u00e3o \u00e0 cidade de Prado, no litoral sul da Bahia, e desapareceram na \u00faltima sexta-feira (20), foram encontrados, no in\u00edcio da noite desta ter\u00e7a-feira. O ve\u00edculo estava debaixo de uma ponte que passa sobre o Rio Mucuri, na Bahia. [&hellip;]<\/p>\n","protected":false},"author":2,"featured_media":0,"comment_status":"open","ping_status":"open","sticky":false,"template":"","format":"standard","meta":{"footnotes":""},"categories":[32],"tags":[],"class_list":["post-5058","post","type-post","status-publish","format-standard","hentry","category-destaque-principal"],"_links":{"self":[{"href":"https:\/\/clickcarangola.com.br\/site\/wp-json\/wp\/v2\/posts\/5058","targetHints":{"allow":["GET"]}}],"collection":[{"href":"https:\/\/clickcarangola.com.br\/site\/wp-json\/wp\/v2\/posts"}],"about":[{"href":"https:\/\/clickcarangola.com.br\/site\/wp-json\/wp\/v2\/types\/post"}],"author":[{"embeddable":true,"href":"https:\/\/clickcarangola.com.br\/site\/wp-json\/wp\/v2\/users\/2"}],"replies":[{"embeddable":true,"href":"https:\/\/clickcarangola.com.br\/site\/wp-json\/wp\/v2\/comments?post=5058"}],"version-history":[{"count":4,"href":"https:\/\/clickcarangola.com.br\/site\/wp-json\/wp\/v2\/posts\/5058\/revisions"}],"predecessor-version":[{"id":5084,"href":"https:\/\/clickcarangola.com.br\/site\/wp-json\/wp\/v2\/posts\/5058\/revisions\/5084"}],"wp:attachment":[{"href":"https:\/\/clickcarangola.com.br\/site\/wp-json\/wp\/v2\/media?parent=5058"}],"wp:term":[{"taxonomy":"category","embeddable":true,"href":"https:\/\/clickcarangola.com.br\/site\/wp-json\/wp\/v2\/categories?post=5058"},{"taxonomy":"post_tag","embeddable":true,"href":"https:\/\/clickcarangola.com.br\/site\/wp-json\/wp\/v2\/tags?post=5058"}],"curies":[{"name":"wp","href":"https:\/\/api.w.org\/{rel}","templated":true}]}}