{"id":50646,"date":"2025-01-09T08:00:56","date_gmt":"2025-01-09T11:00:56","guid":{"rendered":"https:\/\/clickcarangola.com.br\/site\/?p=50646"},"modified":"2025-01-09T10:07:24","modified_gmt":"2025-01-09T13:07:24","slug":"idosa-de-89-anos-morre-apos-ser-atropelada-proximo-a-passarela-na-br-116","status":"publish","type":"post","link":"https:\/\/clickcarangola.com.br\/site\/09\/01\/2025\/idosa-de-89-anos-morre-apos-ser-atropelada-proximo-a-passarela-na-br-116\/","title":{"rendered":"Idosa de 89 anos morre ap\u00f3s ser atropelada pr\u00f3ximo a passarela na BR-116"},"content":{"rendered":"<p><img loading=\"lazy\" decoding=\"async\" class=\"alignleft\" src=\"https:\/\/clickcarangola.com.br\/site\/wp-content\/uploads\/2025\/01\/Idosa-de-89-anos.png\" alt=\"\" width=\"300\" height=\"226\" \/>MURIA\u00c9 &#8211; Uma idosa, de 89 anos, j\u00e1 identificada, n\u00e3o resistiu aos ferimentos e morreu, ap\u00f3s ser atropelada, por um ve\u00edculo. O acidente aconteceu na tarde desta quarta-feira (08), na BR-116, na altura da passarela da Barra.<\/p>\n<p>Izilda Jos\u00e9 Carneiro, 89, que completaria 90 anos em julho, foi socorrida por uma equipe do SAMU 192, com escoria\u00e7\u00f5es no corpo e uma fratura na perna.<!--more--><\/p>\n<p>Ao chegar no Hospital S\u00e3o Paulo (HSP), foi imediatamente levada para a sala vermelha, mas devido aos ferimentos, somados a idade avan\u00e7ada, n\u00e3o resistiu e morreu.<\/p>\n<p>A Pol\u00edcia Rodovi\u00e1ria Federal (PRF) esteve no local e vai investigar as causas do acidente.<\/p>\n<p><strong>Confira as imagens:<\/strong><\/p>\n<p><img loading=\"lazy\" decoding=\"async\" src=\"https:\/\/clickcarangola.com.br\/site\/wp-content\/uploads\/2025\/01\/Idosa-de-89-anos.png\" alt=\"\" width=\"400\" height=\"300\" \/><\/p>\n<p><strong>Por: Click Carangola<\/strong> | Com informa\u00e7\u00f5es da PRF e R\u00e1dio Muria\u00e9.<\/p>\n","protected":false},"excerpt":{"rendered":"<p>MURIA\u00c9 &#8211; Uma idosa, de 89 anos, j\u00e1 identificada, n\u00e3o resistiu aos ferimentos e morreu, ap\u00f3s ser atropelada, por um ve\u00edculo. O acidente aconteceu na tarde desta quarta-feira (08), na BR-116, na altura da passarela da Barra. Izilda Jos\u00e9 Carneiro, 89, que completaria 90 anos em julho, foi socorrida por uma equipe do SAMU 192, [&hellip;]<\/p>\n","protected":false},"author":2,"featured_media":50648,"comment_status":"open","ping_status":"open","sticky":false,"template":"","format":"standard","meta":{"footnotes":""},"categories":[1],"tags":[],"class_list":["post-50646","post","type-post","status-publish","format-standard","has-post-thumbnail","hentry","category-regional"],"_links":{"self":[{"href":"https:\/\/clickcarangola.com.br\/site\/wp-json\/wp\/v2\/posts\/50646","targetHints":{"allow":["GET"]}}],"collection":[{"href":"https:\/\/clickcarangola.com.br\/site\/wp-json\/wp\/v2\/posts"}],"about":[{"href":"https:\/\/clickcarangola.com.br\/site\/wp-json\/wp\/v2\/types\/post"}],"author":[{"embeddable":true,"href":"https:\/\/clickcarangola.com.br\/site\/wp-json\/wp\/v2\/users\/2"}],"replies":[{"embeddable":true,"href":"https:\/\/clickcarangola.com.br\/site\/wp-json\/wp\/v2\/comments?post=50646"}],"version-history":[{"count":6,"href":"https:\/\/clickcarangola.com.br\/site\/wp-json\/wp\/v2\/posts\/50646\/revisions"}],"predecessor-version":[{"id":50653,"href":"https:\/\/clickcarangola.com.br\/site\/wp-json\/wp\/v2\/posts\/50646\/revisions\/50653"}],"wp:featuredmedia":[{"embeddable":true,"href":"https:\/\/clickcarangola.com.br\/site\/wp-json\/wp\/v2\/media\/50648"}],"wp:attachment":[{"href":"https:\/\/clickcarangola.com.br\/site\/wp-json\/wp\/v2\/media?parent=50646"}],"wp:term":[{"taxonomy":"category","embeddable":true,"href":"https:\/\/clickcarangola.com.br\/site\/wp-json\/wp\/v2\/categories?post=50646"},{"taxonomy":"post_tag","embeddable":true,"href":"https:\/\/clickcarangola.com.br\/site\/wp-json\/wp\/v2\/tags?post=50646"}],"curies":[{"name":"wp","href":"https:\/\/api.w.org\/{rel}","templated":true}]}}