{"id":50714,"date":"2025-01-20T17:00:40","date_gmt":"2025-01-20T20:00:40","guid":{"rendered":"https:\/\/clickcarangola.com.br\/site\/?p=50714"},"modified":"2025-01-21T11:31:16","modified_gmt":"2025-01-21T14:31:16","slug":"homem-e-morto-com-tiros-na-cabeca-em-residencia-policia-investiga-o-caso","status":"publish","type":"post","link":"https:\/\/clickcarangola.com.br\/site\/20\/01\/2025\/homem-e-morto-com-tiros-na-cabeca-em-residencia-policia-investiga-o-caso\/","title":{"rendered":"Homem \u00e9 morto com tiros na cabe\u00e7a em resid\u00eancia; pol\u00edcia investiga o caso"},"content":{"rendered":"<p><img loading=\"lazy\" decoding=\"async\" class=\"alignleft\" src=\"https:\/\/clickcarangola.com.br\/site\/wp-content\/uploads\/2025\/01\/Homem-e-morto-01.jpg\" alt=\"\" width=\"300\" height=\"226\" \/>MURIA\u00c9 &#8211; Um homem, de 27 anos, foi assassinado, com tr\u00eas tiros na cabe\u00e7a, dentro da sua pr\u00f3pria casa, localizada na Rua Santa Maria, no Bairro Planalto.<\/p>\n<p>O crime aconteceu, por volta das 13h30min, desta segunda-feira (20\/01). A v\u00edtima, se chamava Marcelo Pereira do Santos J\u00fanior, de 27.<!--more--><\/p>\n<p>Segundo informa\u00e7\u00f5es da Pol\u00edcia Militar (PM) &#8211; 190, o autor do crime, fugiu, em um carro de aplicativo.<\/p>\n<p>Equipes da PMMG seguem em dilig\u00eancia, em busca do suspeito, que pode ser capturado a qualquer momento.<\/p>\n<p>Uma funer\u00e1ria, esteve no local e removeu o corpo logo ap\u00f3s os trabalhos da per\u00edcia t\u00e9cnica da Pol\u00edcia Civil (PC).<\/p>\n<p><strong>Confira as imagens:<\/strong><\/p>\n<p><img loading=\"lazy\" decoding=\"async\" src=\"https:\/\/clickcarangola.com.br\/site\/wp-content\/uploads\/2025\/01\/Homem-e-morto-01.jpg\" alt=\"\" width=\"400\" height=\"300\" \/><br \/>\n<img loading=\"lazy\" decoding=\"async\" src=\"https:\/\/clickcarangola.com.br\/site\/wp-content\/uploads\/2025\/01\/Homem-e-morto-02.jpg\" alt=\"\" width=\"400\" height=\"300\" \/><br \/>\n<img loading=\"lazy\" decoding=\"async\" src=\"https:\/\/clickcarangola.com.br\/site\/wp-content\/uploads\/2025\/01\/Homem-e-morto-03.jpg\" alt=\"\" width=\"400\" height=\"300\" \/><br \/>\n<img loading=\"lazy\" decoding=\"async\" src=\"https:\/\/clickcarangola.com.br\/site\/wp-content\/uploads\/2025\/01\/Homem-e-morto-04.jpg\" alt=\"\" width=\"400\" height=\"300\" \/><\/p>\n<p><strong>Por: Click Carangola<\/strong> | Com informa\u00e7\u00f5es da PM e R\u00e1dio Muria\u00e9.<\/p>\n","protected":false},"excerpt":{"rendered":"<p>MURIA\u00c9 &#8211; Um homem, de 27 anos, foi assassinado, com tr\u00eas tiros na cabe\u00e7a, dentro da sua pr\u00f3pria casa, localizada na Rua Santa Maria, no Bairro Planalto. O crime aconteceu, por volta das 13h30min, desta segunda-feira (20\/01). A v\u00edtima, se chamava Marcelo Pereira do Santos J\u00fanior, de 27.<\/p>\n","protected":false},"author":2,"featured_media":50720,"comment_status":"open","ping_status":"open","sticky":false,"template":"","format":"standard","meta":{"footnotes":""},"categories":[1],"tags":[],"class_list":["post-50714","post","type-post","status-publish","format-standard","has-post-thumbnail","hentry","category-regional"],"_links":{"self":[{"href":"https:\/\/clickcarangola.com.br\/site\/wp-json\/wp\/v2\/posts\/50714","targetHints":{"allow":["GET"]}}],"collection":[{"href":"https:\/\/clickcarangola.com.br\/site\/wp-json\/wp\/v2\/posts"}],"about":[{"href":"https:\/\/clickcarangola.com.br\/site\/wp-json\/wp\/v2\/types\/post"}],"author":[{"embeddable":true,"href":"https:\/\/clickcarangola.com.br\/site\/wp-json\/wp\/v2\/users\/2"}],"replies":[{"embeddable":true,"href":"https:\/\/clickcarangola.com.br\/site\/wp-json\/wp\/v2\/comments?post=50714"}],"version-history":[{"count":9,"href":"https:\/\/clickcarangola.com.br\/site\/wp-json\/wp\/v2\/posts\/50714\/revisions"}],"predecessor-version":[{"id":50728,"href":"https:\/\/clickcarangola.com.br\/site\/wp-json\/wp\/v2\/posts\/50714\/revisions\/50728"}],"wp:featuredmedia":[{"embeddable":true,"href":"https:\/\/clickcarangola.com.br\/site\/wp-json\/wp\/v2\/media\/50720"}],"wp:attachment":[{"href":"https:\/\/clickcarangola.com.br\/site\/wp-json\/wp\/v2\/media?parent=50714"}],"wp:term":[{"taxonomy":"category","embeddable":true,"href":"https:\/\/clickcarangola.com.br\/site\/wp-json\/wp\/v2\/categories?post=50714"},{"taxonomy":"post_tag","embeddable":true,"href":"https:\/\/clickcarangola.com.br\/site\/wp-json\/wp\/v2\/tags?post=50714"}],"curies":[{"name":"wp","href":"https:\/\/api.w.org\/{rel}","templated":true}]}}