{"id":50939,"date":"2025-02-28T18:00:14","date_gmt":"2025-02-28T21:00:14","guid":{"rendered":"https:\/\/clickcarangola.com.br\/site\/?p=50939"},"modified":"2025-03-03T18:06:57","modified_gmt":"2025-03-03T21:06:57","slug":"idoso-morre-atropelado-por-caminhonete-na-br-356-vitima-cuidava-de-arvores-na-regiao","status":"publish","type":"post","link":"https:\/\/clickcarangola.com.br\/site\/28\/02\/2025\/idoso-morre-atropelado-por-caminhonete-na-br-356-vitima-cuidava-de-arvores-na-regiao\/","title":{"rendered":"Idoso morre atropelado por caminhonete na BR-356; v\u00edtima cuidava de \u00e1rvores na regi\u00e3o"},"content":{"rendered":"<p><img loading=\"lazy\" decoding=\"async\" class=\"alignleft\" src=\"https:\/\/clickcarangola.com.br\/site\/wp-content\/uploads\/2025\/02\/Idoso-morre-01.jpeg\" alt=\"\" width=\"300\" height=\"226\" \/>MURIA\u00c9 &#8211; Um idoso, de 78 anos, que atendia pelo nome de Jos\u00e9 Benedito da Silveira, morreu, ap\u00f3s ser atropelado, por uma caminhonete, na tarde desta sexta-feira (28\/02), logo ap\u00f3s a Pratinha.<\/p>\n<p>Segundo testemunhas e familiares, a v\u00edtima, plantava e cuidava de \u00e1rvores na regi\u00e3o de Eugen\u00f3polis, cidade onde morava.<!--more--><\/p>\n<p>Hoje, como de costume, ele saiu de casa, para aguar uma das \u00e1rvores, localizadas exatamente no km 280, da BR-356.<\/p>\n<p>Por\u00e9m, ao descer do \u00f4nibus, ele n\u00e3o se atentou ao tr\u00e1fego da rodovia e acabou sendo atingido por uma caminhonete, que seguia sentido Muria\u00e9. O condutor tentou desviar, mas foi pego de surpresa.<\/p>\n<p>O corpo foi lan\u00e7ado a cerca de 50 metros de dist\u00e2ncia, local onde Jos\u00e9 Benedito caiu, j\u00e1 sem vida. O motorista, que \u00e9 m\u00e9dico, prestou os primeiros socorros, mas rapidamente constatou o falecimento.<\/p>\n<p>Uma viatura do SAMU 192 tamb\u00e9m se deslocou para o local, al\u00e9m da per\u00edcia t\u00e9cnica da Pol\u00edcia Civil (PC) e uma equipe da Pol\u00edcia Rodovi\u00e1ria Federal (PRF).<\/p>\n<p>Durante a remo\u00e7\u00e3o do corpo e per\u00edcia no local, o tr\u00e2nsito foi interrompido, o que gerou um grande engarrafamento na BR, especialmente no sentido Itaperuna-RJ. Mesmo ap\u00f3s a libera\u00e7\u00e3o do corpo, o trecho seguiu com fluxo lento, devido ao volume de carros se deslocando para o litoral, no feriado de carnaval.<\/p>\n<p><strong>Confira as imagens:<\/strong><\/p>\n<p><img loading=\"lazy\" decoding=\"async\" src=\"https:\/\/clickcarangola.com.br\/site\/wp-content\/uploads\/2025\/02\/Idoso-morre-01.jpeg\" alt=\"\" width=\"400\" height=\"300\" \/><br \/>\n<img loading=\"lazy\" decoding=\"async\" src=\"https:\/\/clickcarangola.com.br\/site\/wp-content\/uploads\/2025\/02\/Idoso-morre-02.jpeg\" alt=\"\" width=\"400\" height=\"300\" \/><br \/>\n<img loading=\"lazy\" decoding=\"async\" src=\"https:\/\/clickcarangola.com.br\/site\/wp-content\/uploads\/2025\/02\/Idoso-morre-03.jpeg\" alt=\"\" width=\"400\" height=\"300\" \/><br \/>\n<img loading=\"lazy\" decoding=\"async\" src=\"https:\/\/clickcarangola.com.br\/site\/wp-content\/uploads\/2025\/02\/Idoso-morre-04.jpeg\" alt=\"\" width=\"400\" height=\"300\" \/><br \/>\n<img loading=\"lazy\" decoding=\"async\" src=\"https:\/\/clickcarangola.com.br\/site\/wp-content\/uploads\/2025\/02\/Idoso-morre-05.jpeg\" alt=\"\" width=\"400\" height=\"300\" \/><br \/>\n<img loading=\"lazy\" decoding=\"async\" src=\"https:\/\/clickcarangola.com.br\/site\/wp-content\/uploads\/2025\/02\/Idoso-morre-06.jpeg\" alt=\"\" width=\"400\" height=\"300\" \/><br \/>\n<img loading=\"lazy\" decoding=\"async\" src=\"https:\/\/clickcarangola.com.br\/site\/wp-content\/uploads\/2025\/02\/Idoso-morre-07.jpeg\" alt=\"\" width=\"400\" height=\"300\" \/><br \/>\n<img loading=\"lazy\" decoding=\"async\" src=\"https:\/\/clickcarangola.com.br\/site\/wp-content\/uploads\/2025\/02\/Idoso-morre-08.jpeg\" alt=\"\" width=\"400\" height=\"300\" \/><\/p>\n<p><strong>Por: Click Carangola <\/strong>| Com informa\u00e7\u00f5es da PRF e R\u00e1dio Muria\u00e9.<\/p>\n","protected":false},"excerpt":{"rendered":"<p>MURIA\u00c9 &#8211; Um idoso, de 78 anos, que atendia pelo nome de Jos\u00e9 Benedito da Silveira, morreu, ap\u00f3s ser atropelado, por uma caminhonete, na tarde desta sexta-feira (28\/02), logo ap\u00f3s a Pratinha. Segundo testemunhas e familiares, a v\u00edtima, plantava e cuidava de \u00e1rvores na regi\u00e3o de Eugen\u00f3polis, cidade onde morava.<\/p>\n","protected":false},"author":2,"featured_media":50952,"comment_status":"open","ping_status":"open","sticky":false,"template":"","format":"standard","meta":{"footnotes":""},"categories":[1],"tags":[],"class_list":["post-50939","post","type-post","status-publish","format-standard","has-post-thumbnail","hentry","category-regional"],"_links":{"self":[{"href":"https:\/\/clickcarangola.com.br\/site\/wp-json\/wp\/v2\/posts\/50939","targetHints":{"allow":["GET"]}}],"collection":[{"href":"https:\/\/clickcarangola.com.br\/site\/wp-json\/wp\/v2\/posts"}],"about":[{"href":"https:\/\/clickcarangola.com.br\/site\/wp-json\/wp\/v2\/types\/post"}],"author":[{"embeddable":true,"href":"https:\/\/clickcarangola.com.br\/site\/wp-json\/wp\/v2\/users\/2"}],"replies":[{"embeddable":true,"href":"https:\/\/clickcarangola.com.br\/site\/wp-json\/wp\/v2\/comments?post=50939"}],"version-history":[{"count":9,"href":"https:\/\/clickcarangola.com.br\/site\/wp-json\/wp\/v2\/posts\/50939\/revisions"}],"predecessor-version":[{"id":50956,"href":"https:\/\/clickcarangola.com.br\/site\/wp-json\/wp\/v2\/posts\/50939\/revisions\/50956"}],"wp:featuredmedia":[{"embeddable":true,"href":"https:\/\/clickcarangola.com.br\/site\/wp-json\/wp\/v2\/media\/50952"}],"wp:attachment":[{"href":"https:\/\/clickcarangola.com.br\/site\/wp-json\/wp\/v2\/media?parent=50939"}],"wp:term":[{"taxonomy":"category","embeddable":true,"href":"https:\/\/clickcarangola.com.br\/site\/wp-json\/wp\/v2\/categories?post=50939"},{"taxonomy":"post_tag","embeddable":true,"href":"https:\/\/clickcarangola.com.br\/site\/wp-json\/wp\/v2\/tags?post=50939"}],"curies":[{"name":"wp","href":"https:\/\/api.w.org\/{rel}","templated":true}]}}