{"id":51038,"date":"2025-04-27T08:00:37","date_gmt":"2025-04-27T11:00:37","guid":{"rendered":"https:\/\/clickcarangola.com.br\/site\/?p=51038"},"modified":"2025-04-27T11:08:02","modified_gmt":"2025-04-27T14:08:02","slug":"acidente-na-rodovia-amg-0515-deixa-um-morto-e-outro-ferido-nao-ha-informacoes-sobre-a-dinamica","status":"publish","type":"post","link":"https:\/\/clickcarangola.com.br\/site\/27\/04\/2025\/acidente-na-rodovia-amg-0515-deixa-um-morto-e-outro-ferido-nao-ha-informacoes-sobre-a-dinamica\/","title":{"rendered":"Acidente na rodovia AMG-0515 deixa um morto e outro ferido; n\u00e3o h\u00e1 informa\u00e7\u00f5es sobre a din\u00e2mica"},"content":{"rendered":"<p><img loading=\"lazy\" decoding=\"async\" class=\"alignleft\" src=\"https:\/\/clickcarangola.com.br\/site\/wp-content\/uploads\/2025\/04\/Acidente-na-AMG-0515-01.jpeg\" alt=\"\" width=\"300\" height=\"226\" \/>SANTANA DE CATAGUASES &#8211; Um homem, de 52, identificado como Jos\u00e9 Luiz de Souza, morreu ap\u00f3s um grave acidente, envolvendo um Fiat Fiorino e um VW Gol.<\/p>\n<p>O acidente ocorreu na AMG-0515 em Santana de Cataguases-MG. N\u00e3o h\u00e1 informa\u00e7\u00f5es sobre a din\u00e2mica do acidente.<!--more--><\/p>\n<p>O motorista do Gol teve ferimentos no t\u00f3rax e foi encaminhado para o Hospital de Cataguases pelo SAMU 192.<\/p>\n<p>Uma equipe do Corpo de Bombeiros (CB) &#8211; 193 compareceu ao local, para retirar o corpo da v\u00edtima fatal, que ficou preso \u00e0s ferragens.<\/p>\n<p>A per\u00edcia t\u00e9cnica da Pol\u00edcia Civil (PC) foi acionada, realizou os trabalhos e liberou o local.<\/p>\n<p><strong>Confira as imagens:<\/strong><\/p>\n<p><img loading=\"lazy\" decoding=\"async\" src=\"https:\/\/clickcarangola.com.br\/site\/wp-content\/uploads\/2025\/04\/Acidente-na-AMG-0515-01.jpeg\" alt=\"\" width=\"400\" height=\"300\" \/><br \/>\n<img loading=\"lazy\" decoding=\"async\" src=\"https:\/\/clickcarangola.com.br\/site\/wp-content\/uploads\/2025\/04\/Acidente-na-AMG-0515-02.jpeg\" alt=\"\" width=\"400\" height=\"300\" \/><\/p>\n<p><strong>Por: Click Carangola<\/strong> | Com informa\u00e7\u00f5es do CB e R\u00e1dio Muria\u00e9.<\/p>\n","protected":false},"excerpt":{"rendered":"<p>SANTANA DE CATAGUASES &#8211; Um homem, de 52, identificado como Jos\u00e9 Luiz de Souza, morreu ap\u00f3s um grave acidente, envolvendo um Fiat Fiorino e um VW Gol. O acidente ocorreu na AMG-0515 em Santana de Cataguases-MG. N\u00e3o h\u00e1 informa\u00e7\u00f5es sobre a din\u00e2mica do acidente.<\/p>\n","protected":false},"author":2,"featured_media":51044,"comment_status":"open","ping_status":"open","sticky":false,"template":"","format":"standard","meta":{"footnotes":""},"categories":[1],"tags":[],"class_list":["post-51038","post","type-post","status-publish","format-standard","has-post-thumbnail","hentry","category-regional"],"_links":{"self":[{"href":"https:\/\/clickcarangola.com.br\/site\/wp-json\/wp\/v2\/posts\/51038","targetHints":{"allow":["GET"]}}],"collection":[{"href":"https:\/\/clickcarangola.com.br\/site\/wp-json\/wp\/v2\/posts"}],"about":[{"href":"https:\/\/clickcarangola.com.br\/site\/wp-json\/wp\/v2\/types\/post"}],"author":[{"embeddable":true,"href":"https:\/\/clickcarangola.com.br\/site\/wp-json\/wp\/v2\/users\/2"}],"replies":[{"embeddable":true,"href":"https:\/\/clickcarangola.com.br\/site\/wp-json\/wp\/v2\/comments?post=51038"}],"version-history":[{"count":9,"href":"https:\/\/clickcarangola.com.br\/site\/wp-json\/wp\/v2\/posts\/51038\/revisions"}],"predecessor-version":[{"id":51049,"href":"https:\/\/clickcarangola.com.br\/site\/wp-json\/wp\/v2\/posts\/51038\/revisions\/51049"}],"wp:featuredmedia":[{"embeddable":true,"href":"https:\/\/clickcarangola.com.br\/site\/wp-json\/wp\/v2\/media\/51044"}],"wp:attachment":[{"href":"https:\/\/clickcarangola.com.br\/site\/wp-json\/wp\/v2\/media?parent=51038"}],"wp:term":[{"taxonomy":"category","embeddable":true,"href":"https:\/\/clickcarangola.com.br\/site\/wp-json\/wp\/v2\/categories?post=51038"},{"taxonomy":"post_tag","embeddable":true,"href":"https:\/\/clickcarangola.com.br\/site\/wp-json\/wp\/v2\/tags?post=51038"}],"curies":[{"name":"wp","href":"https:\/\/api.w.org\/{rel}","templated":true}]}}