{"id":51083,"date":"2025-05-24T12:00:17","date_gmt":"2025-05-24T15:00:17","guid":{"rendered":"https:\/\/clickcarangola.com.br\/site\/?p=51083"},"modified":"2025-05-25T11:21:32","modified_gmt":"2025-05-25T14:21:32","slug":"acidente-entre-motocicleta-e-carreta-deixa-uma-pessoa-morta-na-br-116-causas-serao-apuradas","status":"publish","type":"post","link":"https:\/\/clickcarangola.com.br\/site\/24\/05\/2025\/acidente-entre-motocicleta-e-carreta-deixa-uma-pessoa-morta-na-br-116-causas-serao-apuradas\/","title":{"rendered":"Acidente entre motocicleta e carreta deixa uma pessoa morta na BR-116; causas ser\u00e3o apuradas"},"content":{"rendered":"<p><img loading=\"lazy\" decoding=\"async\" class=\"alignleft\" src=\"https:\/\/clickcarangola.com.br\/site\/wp-content\/uploads\/2025\/05\/Motocicleta-e-carreta-01.jpg\" alt=\"\" width=\"300\" height=\"226\" \/>FERVEDOURO &#8211; Na manh\u00e3 deste s\u00e1bado (24), um acidente na BR-116, na regi\u00e3o da Graminha, tirou a vida de Valter Rodrigues Costa, de 58 anos.<\/p>\n<p>Os ocupantes da motocicleta (piloto de 58 e a carona), estavam voltando do trabalho, momento em que, infelizmente, foram atropelados pela carreta.<!--more--><\/p>\n<p>A motocicleta foi arrastada por aprox. 80 metros, onde o carreteiro, um motorista ainda muito jovem, parou no sentido contr\u00e1rio da pista.<\/p>\n<p>A carona, segundo informa\u00e7\u00f5es, sofreu apenas arranh\u00f5es, sendo levada para atendimento m\u00e9dico no hospital.<\/p>\n<p>Per\u00edcia t\u00e9cnica da Pol\u00edcia Civil (PC) &#8211; 197, Pol\u00edcia Rodovi\u00e1ria Federal (PRF) e socorristas da EcoRioMinas estiveram no local.<\/p>\n<p>O corpo foi encaminhado ao Instituto M\u00e9dico Legal (IML).<\/p>\n<p><strong>Confira as imagens:<\/strong><\/p>\n<p><img loading=\"lazy\" decoding=\"async\" src=\"https:\/\/clickcarangola.com.br\/site\/wp-content\/uploads\/2025\/05\/Motocicleta-e-carreta-01.jpg\" alt=\"\" width=\"400\" height=\"300\" \/><br \/>\n<img loading=\"lazy\" decoding=\"async\" src=\"https:\/\/clickcarangola.com.br\/site\/wp-content\/uploads\/2025\/05\/Motocicleta-e-carreta-02.jpg\" alt=\"\" width=\"400\" height=\"300\" \/><br \/>\n<img loading=\"lazy\" decoding=\"async\" src=\"https:\/\/clickcarangola.com.br\/site\/wp-content\/uploads\/2025\/05\/Motocicleta-e-carreta-03.jpg\" alt=\"\" width=\"400\" height=\"300\" \/><br \/>\n<img loading=\"lazy\" decoding=\"async\" src=\"https:\/\/clickcarangola.com.br\/site\/wp-content\/uploads\/2025\/05\/Motocicleta-e-carreta-04.jpg\" alt=\"\" width=\"400\" height=\"300\" \/><\/p>\n<p><strong>Por: Click Carangola<\/strong> | Com informa\u00e7\u00f5es Paulo Roberto e R\u00e1dio Muria\u00e9.<\/p>\n","protected":false},"excerpt":{"rendered":"<p>FERVEDOURO &#8211; Na manh\u00e3 deste s\u00e1bado (24), um acidente na BR-116, na regi\u00e3o da Graminha, tirou a vida de Valter Rodrigues Costa, de 58 anos. Os ocupantes da motocicleta (piloto de 58 e a carona), estavam voltando do trabalho, momento em que, infelizmente, foram atropelados pela carreta.<\/p>\n","protected":false},"author":2,"featured_media":51087,"comment_status":"open","ping_status":"open","sticky":false,"template":"","format":"standard","meta":{"footnotes":""},"categories":[47],"tags":[],"class_list":["post-51083","post","type-post","status-publish","format-standard","has-post-thumbnail","hentry","category-fervedouro-mg"],"_links":{"self":[{"href":"https:\/\/clickcarangola.com.br\/site\/wp-json\/wp\/v2\/posts\/51083","targetHints":{"allow":["GET"]}}],"collection":[{"href":"https:\/\/clickcarangola.com.br\/site\/wp-json\/wp\/v2\/posts"}],"about":[{"href":"https:\/\/clickcarangola.com.br\/site\/wp-json\/wp\/v2\/types\/post"}],"author":[{"embeddable":true,"href":"https:\/\/clickcarangola.com.br\/site\/wp-json\/wp\/v2\/users\/2"}],"replies":[{"embeddable":true,"href":"https:\/\/clickcarangola.com.br\/site\/wp-json\/wp\/v2\/comments?post=51083"}],"version-history":[{"count":7,"href":"https:\/\/clickcarangola.com.br\/site\/wp-json\/wp\/v2\/posts\/51083\/revisions"}],"predecessor-version":[{"id":51091,"href":"https:\/\/clickcarangola.com.br\/site\/wp-json\/wp\/v2\/posts\/51083\/revisions\/51091"}],"wp:featuredmedia":[{"embeddable":true,"href":"https:\/\/clickcarangola.com.br\/site\/wp-json\/wp\/v2\/media\/51087"}],"wp:attachment":[{"href":"https:\/\/clickcarangola.com.br\/site\/wp-json\/wp\/v2\/media?parent=51083"}],"wp:term":[{"taxonomy":"category","embeddable":true,"href":"https:\/\/clickcarangola.com.br\/site\/wp-json\/wp\/v2\/categories?post=51083"},{"taxonomy":"post_tag","embeddable":true,"href":"https:\/\/clickcarangola.com.br\/site\/wp-json\/wp\/v2\/tags?post=51083"}],"curies":[{"name":"wp","href":"https:\/\/api.w.org\/{rel}","templated":true}]}}