{"id":51097,"date":"2025-06-01T08:30:44","date_gmt":"2025-06-01T11:30:44","guid":{"rendered":"https:\/\/clickcarangola.com.br\/site\/?p=51097"},"modified":"2025-06-01T18:42:17","modified_gmt":"2025-06-01T21:42:17","slug":"colisao-frontal-entre-carreta-e-vw-gol-deixa-duas-pessoas-mortas-na-br-116","status":"publish","type":"post","link":"https:\/\/clickcarangola.com.br\/site\/01\/06\/2025\/colisao-frontal-entre-carreta-e-vw-gol-deixa-duas-pessoas-mortas-na-br-116\/","title":{"rendered":"Colis\u00e3o frontal entre carreta e VW Gol deixa duas pessoas mortas na BR-116"},"content":{"rendered":"<p><img loading=\"lazy\" decoding=\"async\" class=\"alignleft\" src=\"https:\/\/clickcarangola.com.br\/site\/wp-content\/uploads\/2025\/06\/Colis\u00e3o-frontal-01.jpeg\" alt=\"\" width=\"300\" height=\"226\" \/>MIRADOURO &#8211; Um grave acidente, ocorrido na noite deste s\u00e1bado (31\/05), na BR-116, pr\u00f3ximo \u00e0 Base da EcoRioMinas, em Miradouro, resultou na morte de duas pessoas.<\/p>\n<p>As v\u00edtimas, foram identificadas como Weslley do Prado Gomes, de 26\u00a0e Altamiro Silvestre do Prado, de 70 anos. O acidente, envolveu um caminh\u00e3o, carregado com p\u00e3es de forma, que seguia do Rio de Janeiro-RJ para Salvador-BA, e um ve\u00edculo VW Gol, que trafegava no sentido contr\u00e1rio, em dire\u00e7\u00e3o a Muria\u00e9.<!--more--><\/p>\n<p>O impacto da colis\u00e3o foi extremamente violento, fazendo com que o Gol ficasse completamente destru\u00eddo. As duas v\u00edtimas, que estavam no ve\u00edculo \u2013 o motorista e o passageiro \u2013 ficaram presas \u00e0s ferragens e, infelizmente, vieram a \u00f3bito.<\/p>\n<p>O Corpo de Bombeiros (CB) &#8211; 193 foi acionado e precisou utilizar equipamentos hidr\u00e1ulicos, para retirar os corpos das v\u00edtimas. Uma equipe do SAMU 192 tamb\u00e9m esteve no local, mas n\u00e3o p\u00f4de fazer nada para salvar as vidas dos ocupantes do Gol.<\/p>\n<p>A r\u00e1pida proximidade da Base da EcoRioMinas facilitou o atendimento. Al\u00e9m das equipes de resgate do Corpo de Bombeiros (CB) &#8211; 193 e SAMU 192, a Pol\u00edcia Rodovi\u00e1ria Federal (PRF) tamb\u00e9m esteve no local, controlando o tr\u00e2nsito e realizando os procedimentos necess\u00e1rios para o registro do acidente. A per\u00edcia t\u00e9cnica da Pol\u00edcia Civil (PC) tamb\u00e9m compareceu.<\/p>\n<p>Por conta dos trabalhos de resgate e da per\u00edcia, o tr\u00e2nsito na BR-116, adotou o sistema &#8220;pare e siga&#8221;.<\/p>\n<p>O motorista do caminh\u00e3o, que n\u00e3o se feriu, ficou completamente abalado com o ocorrido.<\/p>\n<p>A Pol\u00edcia Rodovi\u00e1ria Federal (PRF) ficou respons\u00e1vel pelo registro da ocorr\u00eancia.<\/p>\n<p><strong>Confira as imagens:<\/strong><\/p>\n<p><img loading=\"lazy\" decoding=\"async\" src=\"https:\/\/clickcarangola.com.br\/site\/wp-content\/uploads\/2025\/06\/Colis\u00e3o-frontal-01.jpeg\" alt=\"\" width=\"400\" height=\"300\" \/><br \/>\n<img loading=\"lazy\" decoding=\"async\" src=\"https:\/\/clickcarangola.com.br\/site\/wp-content\/uploads\/2025\/06\/Colis\u00e3o-frontal-02.jpeg\" alt=\"\" width=\"400\" height=\"300\" \/><br \/>\n<img loading=\"lazy\" decoding=\"async\" src=\"https:\/\/clickcarangola.com.br\/site\/wp-content\/uploads\/2025\/06\/Colis\u00e3o-frontal-03.jpeg\" alt=\"\" width=\"400\" height=\"300\" \/><br \/>\n<img loading=\"lazy\" decoding=\"async\" src=\"https:\/\/clickcarangola.com.br\/site\/wp-content\/uploads\/2025\/06\/Colis\u00e3o-frontal-04.jpeg\" alt=\"\" width=\"400\" height=\"300\" \/><br \/>\n<img loading=\"lazy\" decoding=\"async\" src=\"https:\/\/clickcarangola.com.br\/site\/wp-content\/uploads\/2025\/06\/Colis\u00e3o-frontal-05.jpeg\" alt=\"\" width=\"400\" height=\"300\" \/><br \/>\n<img loading=\"lazy\" decoding=\"async\" src=\"https:\/\/clickcarangola.com.br\/site\/wp-content\/uploads\/2025\/06\/Colis\u00e3o-frontal-06.jpeg\" alt=\"\" width=\"400\" height=\"300\" \/><br \/>\n<img loading=\"lazy\" decoding=\"async\" src=\"https:\/\/clickcarangola.com.br\/site\/wp-content\/uploads\/2025\/06\/Colis\u00e3o-frontal-07.jpeg\" alt=\"\" width=\"400\" height=\"300\" \/><br \/>\n<img loading=\"lazy\" decoding=\"async\" src=\"https:\/\/clickcarangola.com.br\/site\/wp-content\/uploads\/2025\/06\/Colis\u00e3o-frontal-08.jpeg\" alt=\"\" width=\"400\" height=\"300\" \/><br \/>\n<img loading=\"lazy\" decoding=\"async\" src=\"https:\/\/clickcarangola.com.br\/site\/wp-content\/uploads\/2025\/06\/Colis\u00e3o-frontal-09.jpeg\" alt=\"\" width=\"400\" height=\"300\" \/><br \/>\n<img loading=\"lazy\" decoding=\"async\" src=\"https:\/\/clickcarangola.com.br\/site\/wp-content\/uploads\/2025\/06\/Colis\u00e3o-frontal-10.jpeg\" alt=\"\" width=\"400\" height=\"300\" \/><br \/>\n<img loading=\"lazy\" decoding=\"async\" src=\"https:\/\/clickcarangola.com.br\/site\/wp-content\/uploads\/2025\/06\/Colis\u00e3o-frontal-11.jpeg\" alt=\"\" width=\"400\" height=\"300\" \/><br \/>\n<img loading=\"lazy\" decoding=\"async\" src=\"https:\/\/clickcarangola.com.br\/site\/wp-content\/uploads\/2025\/06\/Colis\u00e3o-frontal-12.jpeg\" alt=\"\" width=\"400\" height=\"300\" \/><br \/>\n<img loading=\"lazy\" decoding=\"async\" src=\"https:\/\/clickcarangola.com.br\/site\/wp-content\/uploads\/2025\/06\/Colis\u00e3o-frontal-13.jpeg\" alt=\"\" width=\"400\" height=\"300\" \/><\/p>\n<p><strong>Por: Click Carangola<\/strong> | Com informa\u00e7\u00f5es da PRF e R\u00e1dio Muria\u00e9.<\/p>\n","protected":false},"excerpt":{"rendered":"<p>MIRADOURO &#8211; Um grave acidente, ocorrido na noite deste s\u00e1bado (31\/05), na BR-116, pr\u00f3ximo \u00e0 Base da EcoRioMinas, em Miradouro, resultou na morte de duas pessoas. As v\u00edtimas, foram identificadas como Weslley do Prado Gomes, de 26\u00a0e Altamiro Silvestre do Prado, de 70 anos. O acidente, envolveu um caminh\u00e3o, carregado com p\u00e3es de forma, que [&hellip;]<\/p>\n","protected":false},"author":2,"featured_media":51111,"comment_status":"open","ping_status":"open","sticky":false,"template":"","format":"standard","meta":{"footnotes":""},"categories":[1],"tags":[],"class_list":["post-51097","post","type-post","status-publish","format-standard","has-post-thumbnail","hentry","category-regional"],"_links":{"self":[{"href":"https:\/\/clickcarangola.com.br\/site\/wp-json\/wp\/v2\/posts\/51097","targetHints":{"allow":["GET"]}}],"collection":[{"href":"https:\/\/clickcarangola.com.br\/site\/wp-json\/wp\/v2\/posts"}],"about":[{"href":"https:\/\/clickcarangola.com.br\/site\/wp-json\/wp\/v2\/types\/post"}],"author":[{"embeddable":true,"href":"https:\/\/clickcarangola.com.br\/site\/wp-json\/wp\/v2\/users\/2"}],"replies":[{"embeddable":true,"href":"https:\/\/clickcarangola.com.br\/site\/wp-json\/wp\/v2\/comments?post=51097"}],"version-history":[{"count":4,"href":"https:\/\/clickcarangola.com.br\/site\/wp-json\/wp\/v2\/posts\/51097\/revisions"}],"predecessor-version":[{"id":51114,"href":"https:\/\/clickcarangola.com.br\/site\/wp-json\/wp\/v2\/posts\/51097\/revisions\/51114"}],"wp:featuredmedia":[{"embeddable":true,"href":"https:\/\/clickcarangola.com.br\/site\/wp-json\/wp\/v2\/media\/51111"}],"wp:attachment":[{"href":"https:\/\/clickcarangola.com.br\/site\/wp-json\/wp\/v2\/media?parent=51097"}],"wp:term":[{"taxonomy":"category","embeddable":true,"href":"https:\/\/clickcarangola.com.br\/site\/wp-json\/wp\/v2\/categories?post=51097"},{"taxonomy":"post_tag","embeddable":true,"href":"https:\/\/clickcarangola.com.br\/site\/wp-json\/wp\/v2\/tags?post=51097"}],"curies":[{"name":"wp","href":"https:\/\/api.w.org\/{rel}","templated":true}]}}