{"id":5116,"date":"2012-04-26T16:43:15","date_gmt":"2012-04-26T19:43:15","guid":{"rendered":"https:\/\/clickcarangola.com.br\/site\/?p=5116"},"modified":"2012-06-06T14:29:25","modified_gmt":"2012-06-06T17:29:25","slug":"divulgado-o-resultado-final-do-concurso-publico-da-prefeitura-de-carangola","status":"publish","type":"post","link":"https:\/\/clickcarangola.com.br\/site\/26\/04\/2012\/divulgado-o-resultado-final-do-concurso-publico-da-prefeitura-de-carangola\/","title":{"rendered":"Divulgado o resultado final do concurso p\u00fablico da Prefeitura de Carangola"},"content":{"rendered":"<p style=\"text-align: justify;\"><img loading=\"lazy\" decoding=\"async\" class=\"alignleft\" src=\"https:\/\/clickcarangola.com.br\/site\/wp-content\/uploads\/2011\/12\/Carangola.jpg\" alt=\"\" width=\"125\" height=\"125\" \/><span style=\"color: #888888;\">O\u00a0Instituto de Desenvolvimento Educacional, Cultural, e Assistencial Nacional (Idecan), respons\u00e1vel pela organiza\u00e7\u00e3o do concurso da Prefeitura de Carangola, divulgou nesta\u00a0quarta-feira (25), o resultado\u00a0final das provas para todos os cargos.<\/span><\/p>\n<p style=\"text-align: justify;\"><span style=\"color: #888888;\">O concurso tem validade de dois anos podendo ser prorrogado por igual per\u00edodo. No total, mais de dois mil candidatos se inscreveram para o concurso. As provas foram realizadas no dia 15 de janeiro.<img decoding=\"async\" title=\"Mais...\" src=\"https:\/\/clickcarangola.com.br\/site\/wp-includes\/js\/tinymce\/plugins\/wordpress\/img\/trans.gif\" alt=\"\" \/><!--more--><\/span><\/p>\n<p style=\"text-align: justify;\"><span style=\"color: #888888;\">A lista dos aprovados, encontra-se dispon\u00edvel no <a href=\"https:\/\/www.idecan.org.br\/edital\/Carangola-001-2011\/Resultado%20Final%20de%20Aprovados%20(20-04-2012).pdf\">site<\/a>\u00a0do Idecan. De acordo com as \u00faltimas informa\u00e7\u00f5es<\/span><span style=\"color: #888888;\">, os aprovados no concurso, dentro das vagas dispon\u00edveis, ser\u00e3o empossados a partir do dia 02 de maio.<\/span><\/p>\n<p style=\"text-align: justify;\"><strong><span style=\"color: #888888;\">Por: Click Carangola<\/span><\/strong><\/p>\n","protected":false},"excerpt":{"rendered":"<p>O\u00a0Instituto de Desenvolvimento Educacional, Cultural, e Assistencial Nacional (Idecan), respons\u00e1vel pela organiza\u00e7\u00e3o do concurso da Prefeitura de Carangola, divulgou nesta\u00a0quarta-feira (25), o resultado\u00a0final das provas para todos os cargos. O concurso tem validade de dois anos podendo ser prorrogado por igual per\u00edodo. No total, mais de dois mil candidatos se inscreveram para o concurso. As [&hellip;]<\/p>\n","protected":false},"author":2,"featured_media":0,"comment_status":"open","ping_status":"open","sticky":false,"template":"","format":"standard","meta":{"footnotes":""},"categories":[37],"tags":[],"class_list":["post-5116","post","type-post","status-publish","format-standard","hentry","category-carangola-mg"],"_links":{"self":[{"href":"https:\/\/clickcarangola.com.br\/site\/wp-json\/wp\/v2\/posts\/5116","targetHints":{"allow":["GET"]}}],"collection":[{"href":"https:\/\/clickcarangola.com.br\/site\/wp-json\/wp\/v2\/posts"}],"about":[{"href":"https:\/\/clickcarangola.com.br\/site\/wp-json\/wp\/v2\/types\/post"}],"author":[{"embeddable":true,"href":"https:\/\/clickcarangola.com.br\/site\/wp-json\/wp\/v2\/users\/2"}],"replies":[{"embeddable":true,"href":"https:\/\/clickcarangola.com.br\/site\/wp-json\/wp\/v2\/comments?post=5116"}],"version-history":[{"count":6,"href":"https:\/\/clickcarangola.com.br\/site\/wp-json\/wp\/v2\/posts\/5116\/revisions"}],"predecessor-version":[{"id":5880,"href":"https:\/\/clickcarangola.com.br\/site\/wp-json\/wp\/v2\/posts\/5116\/revisions\/5880"}],"wp:attachment":[{"href":"https:\/\/clickcarangola.com.br\/site\/wp-json\/wp\/v2\/media?parent=5116"}],"wp:term":[{"taxonomy":"category","embeddable":true,"href":"https:\/\/clickcarangola.com.br\/site\/wp-json\/wp\/v2\/categories?post=5116"},{"taxonomy":"post_tag","embeddable":true,"href":"https:\/\/clickcarangola.com.br\/site\/wp-json\/wp\/v2\/tags?post=5116"}],"curies":[{"name":"wp","href":"https:\/\/api.w.org\/{rel}","templated":true}]}}