{"id":51202,"date":"2025-06-27T19:00:27","date_gmt":"2025-06-27T22:00:27","guid":{"rendered":"https:\/\/clickcarangola.com.br\/site\/?p=51202"},"modified":"2025-06-27T20:37:59","modified_gmt":"2025-06-27T23:37:59","slug":"carreta-carregada-de-moveis-capota-na-br-116-apesar-da-gravidade-do-acidente-o-motorista-saiu-ileso","status":"publish","type":"post","link":"https:\/\/clickcarangola.com.br\/site\/27\/06\/2025\/carreta-carregada-de-moveis-capota-na-br-116-apesar-da-gravidade-do-acidente-o-motorista-saiu-ileso\/","title":{"rendered":"Carreta carregada de m\u00f3veis capota na BR-116; apesar da gravidade do acidente, o motorista saiu ileso"},"content":{"rendered":"<p><img loading=\"lazy\" decoding=\"async\" class=\"alignleft\" src=\"https:\/\/clickcarangola.com.br\/site\/wp-content\/uploads\/2025\/06\/Carreta-carregada-01.jpeg\" alt=\"\" width=\"300\" height=\"226\" \/>MURIA\u00c9 &#8211; Uma carreta, carregada de m\u00f3veis, capotou na noite desta sexta-feira (27\/06), na rodovia BR-116, pr\u00f3ximo ao Clube do Banc\u00e1rios.<\/p>\n<p>O motorista, relatou, que saiu de Ub\u00e1-MG, com destino ao Paran\u00e1-PR. Ao entrar em uma curva, teria perdido o controle da dire\u00e7\u00e3o.<!--more--><\/p>\n<p>Momento, em que a carreta, desceu aprox. 15 metros abaixo. A cabine do ve\u00edculo, ficou completamente destru\u00edda.<\/p>\n<p>O condutor, por sorte, n\u00e3o ficou preso \u00e0s ferragens e conseguiu sair e acessar a BR-116, onde pediu socorro.<\/p>\n<p>Equipes da\u00a0Ecovias Rio Minas estiveram no local, assim como, o Corpo de Bombeiros (CB) -193 e a Pol\u00edcia Rodovi\u00e1ria Federal (PRF).<\/p>\n<p>O tr\u00e2nsito, n\u00e3o sofreu nenhum tipo de altera\u00e7\u00e3o, pois, o ve\u00edculo capotou fora da pista de rolamento.<\/p>\n<p><strong>Confira as imagens:<\/strong><\/p>\n<p><img loading=\"lazy\" decoding=\"async\" src=\"https:\/\/clickcarangola.com.br\/site\/wp-content\/uploads\/2025\/06\/Carreta-carregada-01.jpeg\" alt=\"\" width=\"400\" height=\"300\" \/><br \/>\n<img loading=\"lazy\" decoding=\"async\" src=\"https:\/\/clickcarangola.com.br\/site\/wp-content\/uploads\/2025\/06\/Carreta-carregada-02.jpeg\" alt=\"\" width=\"400\" height=\"300\" \/><br \/>\n<img loading=\"lazy\" decoding=\"async\" src=\"https:\/\/clickcarangola.com.br\/site\/wp-content\/uploads\/2025\/06\/Carreta-carregada-03.jpeg\" alt=\"\" width=\"400\" height=\"300\" \/><br \/>\n<img loading=\"lazy\" decoding=\"async\" src=\"https:\/\/clickcarangola.com.br\/site\/wp-content\/uploads\/2025\/06\/Carreta-carregada-04.jpeg\" alt=\"\" width=\"400\" height=\"300\" \/><br \/>\n<img loading=\"lazy\" decoding=\"async\" src=\"https:\/\/clickcarangola.com.br\/site\/wp-content\/uploads\/2025\/06\/Carreta-carregada-05.jpeg\" alt=\"\" width=\"400\" height=\"300\" \/><\/p>\n<p><strong>Por: Click Carangola<\/strong> | Com informa\u00e7\u00f5es da PRF e R\u00e1dio Muria\u00e9.<\/p>\n","protected":false},"excerpt":{"rendered":"<p>MURIA\u00c9 &#8211; Uma carreta, carregada de m\u00f3veis, capotou na noite desta sexta-feira (27\/06), na rodovia BR-116, pr\u00f3ximo ao Clube do Banc\u00e1rios. O motorista, relatou, que saiu de Ub\u00e1-MG, com destino ao Paran\u00e1-PR. Ao entrar em uma curva, teria perdido o controle da dire\u00e7\u00e3o.<\/p>\n","protected":false},"author":2,"featured_media":51211,"comment_status":"open","ping_status":"open","sticky":false,"template":"","format":"standard","meta":{"footnotes":""},"categories":[1],"tags":[],"class_list":["post-51202","post","type-post","status-publish","format-standard","has-post-thumbnail","hentry","category-regional"],"_links":{"self":[{"href":"https:\/\/clickcarangola.com.br\/site\/wp-json\/wp\/v2\/posts\/51202","targetHints":{"allow":["GET"]}}],"collection":[{"href":"https:\/\/clickcarangola.com.br\/site\/wp-json\/wp\/v2\/posts"}],"about":[{"href":"https:\/\/clickcarangola.com.br\/site\/wp-json\/wp\/v2\/types\/post"}],"author":[{"embeddable":true,"href":"https:\/\/clickcarangola.com.br\/site\/wp-json\/wp\/v2\/users\/2"}],"replies":[{"embeddable":true,"href":"https:\/\/clickcarangola.com.br\/site\/wp-json\/wp\/v2\/comments?post=51202"}],"version-history":[{"count":6,"href":"https:\/\/clickcarangola.com.br\/site\/wp-json\/wp\/v2\/posts\/51202\/revisions"}],"predecessor-version":[{"id":51214,"href":"https:\/\/clickcarangola.com.br\/site\/wp-json\/wp\/v2\/posts\/51202\/revisions\/51214"}],"wp:featuredmedia":[{"embeddable":true,"href":"https:\/\/clickcarangola.com.br\/site\/wp-json\/wp\/v2\/media\/51211"}],"wp:attachment":[{"href":"https:\/\/clickcarangola.com.br\/site\/wp-json\/wp\/v2\/media?parent=51202"}],"wp:term":[{"taxonomy":"category","embeddable":true,"href":"https:\/\/clickcarangola.com.br\/site\/wp-json\/wp\/v2\/categories?post=51202"},{"taxonomy":"post_tag","embeddable":true,"href":"https:\/\/clickcarangola.com.br\/site\/wp-json\/wp\/v2\/tags?post=51202"}],"curies":[{"name":"wp","href":"https:\/\/api.w.org\/{rel}","templated":true}]}}