{"id":51215,"date":"2025-06-27T12:00:37","date_gmt":"2025-06-27T15:00:37","guid":{"rendered":"https:\/\/clickcarangola.com.br\/site\/?p=51215"},"modified":"2025-06-27T21:01:04","modified_gmt":"2025-06-28T00:01:04","slug":"adolescente-de-14-anos-que-matou-a-familia-e-internado-em-unidade-socioeducativa","status":"publish","type":"post","link":"https:\/\/clickcarangola.com.br\/site\/27\/06\/2025\/adolescente-de-14-anos-que-matou-a-familia-e-internado-em-unidade-socioeducativa\/","title":{"rendered":"Adolescente de 14 anos que matou a fam\u00edlia \u00e9 internado em Unidade Socioeducativa"},"content":{"rendered":"<p><img loading=\"lazy\" decoding=\"async\" class=\"alignleft\" src=\"https:\/\/clickcarangola.com.br\/site\/wp-content\/uploads\/2025\/06\/Adolescente-de-14-anos.jpg\" alt=\"\" width=\"300\" height=\"226\" \/>ITAPERUNA &#8211; Foi transferido nesta sexta-feira (27\/06), para uma Unidade de Interna\u00e7\u00e3o Socioeducativa, em S\u00e3o Fid\u00e9lis-RJ, o adolescente, de 14 anos, que confessou ter assassinado os pais e o irm\u00e3o ca\u00e7ula, em Comendador Ven\u00e2ncio, Distrito de Itaperuna-RJ.<\/p>\n<p data-start=\"334\" data-end=\"684\">Segundo informa\u00e7\u00f5es da Pol\u00edcia Civil (PC) &#8211; 197, o adolescente, declarou aos agentes, que seu \u00fanico arrependimento era &#8220;n\u00e3o ter inventado uma hist\u00f3ria melhor&#8221; para tentar despistar os investigadores.<!--more--><\/p>\n<p data-start=\"334\" data-end=\"684\">As v\u00edtimas, foram veladas nesta quinta-feira (26), na antiga esta\u00e7\u00e3o de trem, de Comendador Ven\u00e2ncio. Amigos, vizinhos e familiares lotaram o local.<\/p>\n<p data-start=\"334\" data-end=\"684\">Algumas pessoas, passaram mal e precisaram de atendimento m\u00e9dico, devido a como\u00e7\u00e3o geral.<\/p>\n<p data-start=\"334\" data-end=\"684\">A investiga\u00e7\u00e3o, agora, apura as rela\u00e7\u00f5es com uma adolescente do Estado do Mato Grosso, apontada como namorada do autor. Ela foi ouvida por mais de duas horas e confirmou, que conversou com ele antes e depois do crime.<\/p>\n<p data-start=\"334\" data-end=\"684\">A Pol\u00edcia Civil do Estado do Rio de Janeiro (PCERJ), aguarda o envio de documentos da delegacia de \u00c1gua Boa-MT, para entender o grau de envolvimento da jovem e a natureza da rela\u00e7\u00e3o com o adolescente.<\/p>\n<p data-start=\"334\" data-end=\"684\"><strong>Confira as imagens:<\/strong><\/p>\n<p><img loading=\"lazy\" decoding=\"async\" src=\"https:\/\/clickcarangola.com.br\/site\/wp-content\/uploads\/2025\/06\/Adolescente-de-14-anos.jpg\" alt=\"\" width=\"400\" height=\"300\" \/><\/p>\n<p data-start=\"2141\" data-end=\"2526\"><strong>Por: Click Carangola<\/strong> | Com informa\u00e7\u00f5es da PC e R\u00e1dio Muria\u00e9.<\/p>\n","protected":false},"excerpt":{"rendered":"<p>ITAPERUNA &#8211; Foi transferido nesta sexta-feira (27\/06), para uma Unidade de Interna\u00e7\u00e3o Socioeducativa, em S\u00e3o Fid\u00e9lis-RJ, o adolescente, de 14 anos, que confessou ter assassinado os pais e o irm\u00e3o ca\u00e7ula, em Comendador Ven\u00e2ncio, Distrito de Itaperuna-RJ. Segundo informa\u00e7\u00f5es da Pol\u00edcia Civil (PC) &#8211; 197, o adolescente, declarou aos agentes, que seu \u00fanico arrependimento era [&hellip;]<\/p>\n","protected":false},"author":2,"featured_media":51217,"comment_status":"open","ping_status":"open","sticky":false,"template":"","format":"standard","meta":{"footnotes":""},"categories":[1],"tags":[],"class_list":["post-51215","post","type-post","status-publish","format-standard","has-post-thumbnail","hentry","category-regional"],"_links":{"self":[{"href":"https:\/\/clickcarangola.com.br\/site\/wp-json\/wp\/v2\/posts\/51215","targetHints":{"allow":["GET"]}}],"collection":[{"href":"https:\/\/clickcarangola.com.br\/site\/wp-json\/wp\/v2\/posts"}],"about":[{"href":"https:\/\/clickcarangola.com.br\/site\/wp-json\/wp\/v2\/types\/post"}],"author":[{"embeddable":true,"href":"https:\/\/clickcarangola.com.br\/site\/wp-json\/wp\/v2\/users\/2"}],"replies":[{"embeddable":true,"href":"https:\/\/clickcarangola.com.br\/site\/wp-json\/wp\/v2\/comments?post=51215"}],"version-history":[{"count":14,"href":"https:\/\/clickcarangola.com.br\/site\/wp-json\/wp\/v2\/posts\/51215\/revisions"}],"predecessor-version":[{"id":51230,"href":"https:\/\/clickcarangola.com.br\/site\/wp-json\/wp\/v2\/posts\/51215\/revisions\/51230"}],"wp:featuredmedia":[{"embeddable":true,"href":"https:\/\/clickcarangola.com.br\/site\/wp-json\/wp\/v2\/media\/51217"}],"wp:attachment":[{"href":"https:\/\/clickcarangola.com.br\/site\/wp-json\/wp\/v2\/media?parent=51215"}],"wp:term":[{"taxonomy":"category","embeddable":true,"href":"https:\/\/clickcarangola.com.br\/site\/wp-json\/wp\/v2\/categories?post=51215"},{"taxonomy":"post_tag","embeddable":true,"href":"https:\/\/clickcarangola.com.br\/site\/wp-json\/wp\/v2\/tags?post=51215"}],"curies":[{"name":"wp","href":"https:\/\/api.w.org\/{rel}","templated":true}]}}