{"id":51439,"date":"2025-08-30T08:00:49","date_gmt":"2025-08-30T11:00:49","guid":{"rendered":"https:\/\/clickcarangola.com.br\/site\/?p=51439"},"modified":"2025-08-30T11:37:52","modified_gmt":"2025-08-30T14:37:52","slug":"caminhao-carregado-de-produtos-tomba-na-br-116-motorista-nao-se-feriu","status":"publish","type":"post","link":"https:\/\/clickcarangola.com.br\/site\/30\/08\/2025\/caminhao-carregado-de-produtos-tomba-na-br-116-motorista-nao-se-feriu\/","title":{"rendered":"Caminh\u00e3o carregado de produtos tomba na BR-116; motorista n\u00e3o se feriu"},"content":{"rendered":"<p><img loading=\"lazy\" decoding=\"async\" class=\"alignleft\" src=\"https:\/\/clickcarangola.com.br\/site\/wp-content\/uploads\/2025\/08\/Caminh\u00e3o-carregado-02.jpeg\" alt=\"\" width=\"300\" height=\"226\" \/>LARANJAL &#8211; Na manh\u00e3 deste s\u00e1bado (30\/08), um caminh\u00e3o carregado de produtos, tombou na BR-116, no km 734, pr\u00f3ximo a Laranjal.<\/p>\n<p data-start=\"54\" data-end=\"350\">O motorista perdeu o controle do ve\u00edculo, que acabou saindo da pista e tombando fora da rodovia. O caminh\u00e3o, que havia sa\u00eddo de Cariacica-ES, seguia em dire\u00e7\u00e3o a Matias Barbosa-MG.<!--more--><\/p>\n<p data-start=\"352\" data-end=\"499\">As autoridades competentes j\u00e1 est\u00e3o no local prestando atendimento. O motorista n\u00e3o se feriu, mas o acidente, causou danos ao carregamento.<\/p>\n<p data-start=\"352\" data-end=\"499\"><strong>Confira as imagens:<\/strong><\/p>\n<p><img loading=\"lazy\" decoding=\"async\" src=\"https:\/\/clickcarangola.com.br\/site\/wp-content\/uploads\/2025\/08\/Caminh\u00e3o-carregado-01.jpeg\" alt=\"\" width=\"400\" height=\"300\" \/><br \/>\n<img loading=\"lazy\" decoding=\"async\" src=\"https:\/\/clickcarangola.com.br\/site\/wp-content\/uploads\/2025\/08\/Caminh\u00e3o-carregado-02.jpeg\" alt=\"\" width=\"400\" height=\"300\" \/><\/p>\n<p data-start=\"352\" data-end=\"499\"><strong>Por: Click Carangola <\/strong>| Com informa\u00e7\u00f5es da PRF e R\u00e1dio Muria\u00e9.<\/p>\n","protected":false},"excerpt":{"rendered":"<p>LARANJAL &#8211; Na manh\u00e3 deste s\u00e1bado (30\/08), um caminh\u00e3o carregado de produtos, tombou na BR-116, no km 734, pr\u00f3ximo a Laranjal. O motorista perdeu o controle do ve\u00edculo, que acabou saindo da pista e tombando fora da rodovia. O caminh\u00e3o, que havia sa\u00eddo de Cariacica-ES, seguia em dire\u00e7\u00e3o a Matias Barbosa-MG.<\/p>\n","protected":false},"author":2,"featured_media":51443,"comment_status":"open","ping_status":"open","sticky":false,"template":"","format":"standard","meta":{"footnotes":""},"categories":[1],"tags":[],"class_list":["post-51439","post","type-post","status-publish","format-standard","has-post-thumbnail","hentry","category-regional"],"_links":{"self":[{"href":"https:\/\/clickcarangola.com.br\/site\/wp-json\/wp\/v2\/posts\/51439","targetHints":{"allow":["GET"]}}],"collection":[{"href":"https:\/\/clickcarangola.com.br\/site\/wp-json\/wp\/v2\/posts"}],"about":[{"href":"https:\/\/clickcarangola.com.br\/site\/wp-json\/wp\/v2\/types\/post"}],"author":[{"embeddable":true,"href":"https:\/\/clickcarangola.com.br\/site\/wp-json\/wp\/v2\/users\/2"}],"replies":[{"embeddable":true,"href":"https:\/\/clickcarangola.com.br\/site\/wp-json\/wp\/v2\/comments?post=51439"}],"version-history":[{"count":6,"href":"https:\/\/clickcarangola.com.br\/site\/wp-json\/wp\/v2\/posts\/51439\/revisions"}],"predecessor-version":[{"id":51446,"href":"https:\/\/clickcarangola.com.br\/site\/wp-json\/wp\/v2\/posts\/51439\/revisions\/51446"}],"wp:featuredmedia":[{"embeddable":true,"href":"https:\/\/clickcarangola.com.br\/site\/wp-json\/wp\/v2\/media\/51443"}],"wp:attachment":[{"href":"https:\/\/clickcarangola.com.br\/site\/wp-json\/wp\/v2\/media?parent=51439"}],"wp:term":[{"taxonomy":"category","embeddable":true,"href":"https:\/\/clickcarangola.com.br\/site\/wp-json\/wp\/v2\/categories?post=51439"},{"taxonomy":"post_tag","embeddable":true,"href":"https:\/\/clickcarangola.com.br\/site\/wp-json\/wp\/v2\/tags?post=51439"}],"curies":[{"name":"wp","href":"https:\/\/api.w.org\/{rel}","templated":true}]}}