{"id":51459,"date":"2025-08-29T17:00:37","date_gmt":"2025-08-29T20:00:37","guid":{"rendered":"https:\/\/clickcarangola.com.br\/site\/?p=51459"},"modified":"2025-08-30T12:20:27","modified_gmt":"2025-08-30T15:20:27","slug":"aluno-de-13-anos-e-suspeito-de-ameacar-agredir-e-exigir-dinheiro-de-colega-para-cessar-agressoes-em-escola","status":"publish","type":"post","link":"https:\/\/clickcarangola.com.br\/site\/29\/08\/2025\/aluno-de-13-anos-e-suspeito-de-ameacar-agredir-e-exigir-dinheiro-de-colega-para-cessar-agressoes-em-escola\/","title":{"rendered":"Aluno de 13 anos \u00e9 suspeito de amea\u00e7ar, agredir e exigir dinheiro de colega para cessar agress\u00f5es em escola"},"content":{"rendered":"<p><img loading=\"lazy\" decoding=\"async\" class=\"alignleft\" src=\"https:\/\/clickcarangola.com.br\/site\/wp-content\/uploads\/2025\/08\/Aluno-de-13-anos.jpg\" alt=\"\" width=\"300\" height=\"226\" \/>LEOPOLDINA &#8211; Um aluno, de uma escola municipal, da cidade de Leopoldina, foi v\u00edtima de amea\u00e7a e agress\u00e3o por parte de outro colega, nesta \u00faltima quarta-feira (27). Segundo o relato da crian\u00e7a, as agress\u00f5es acontecem ao longo de v\u00e1rios dias.<\/p>\n<p>Conforme divulgado pela Guarda Civil Municipal, a v\u00edtima de 13 anos \u00e9 aluno do 7\u00ba ano do fundamental e compareceu a sede da GCM, junto de sua m\u00e3e, para realizar a den\u00fancia.<!--more--><\/p>\n<p>No relato, o estudante afirmou que durante a aula, enquanto andava pelo corredor da escola, um aluno da mesma idade se aproximou e disse que iria agred\u00ed-lo na sa\u00edda. A v\u00edtima n\u00e3o respondeu as amea\u00e7as e seguiu para a sala de aula.<\/p>\n<p>Mais tarde, durante o \u00faltimo hor\u00e1rio, ao pedir autoriza\u00e7\u00e3o a professora para beber \u00e1gua e passar pelo corredor, ele foi surpreendido pelo mesmo estudante, ocasi\u00e3o em que recebeu um golpe de caderno na nuca e em seguida um soco no peito.<\/p>\n<p>A crian\u00e7a n\u00e3o reagiu e retornou a sala. Ao t\u00e9rmino da aula, ele informou aos agentes que se dirigiu ao micro-\u00f4nibus escolar, momento em que o agressor desferiu mais dois socos na sua cabe\u00e7a, atingindo a regi\u00e3o da orelha esquerda e exigiu uma quantia de R$20,00 para que as agress\u00f5es parassem.<\/p>\n<p>Durante o trajeto do transporte escolar, o aluno se sentou na parte da frente do \u00f4nibus e o autor no fundo. No desembarque, ele repetiu a amea\u00e7a com palavras de baixo cal\u00e3o.<\/p>\n<p>Conforme a v\u00edtima, no dia 25 de agosto ele tamb\u00e9m havia sido alvo de amea\u00e7as dentro do ve\u00edculo escolar, quando tamb\u00e9m, foi agredido pelo menino com tr\u00eas socos, sendo dois no topo da cabe\u00e7a e um no olho esquerdo.<\/p>\n<p>A m\u00e3e da v\u00edtima relatou \u00e0 GCM que denunciou o ocorrido \u00e0 diretora da escola, que alegou n\u00e3o ter controle sobre os fatos ocorridos dentro do transporte escolar.<\/p>\n<p>A GCM informou que um boletim de ocorr\u00eancia foi registrado para que as medidas legais cab\u00edveis sejam adotadas<\/p>\n<p>Procurada pela reportagem, a Prefeitura de Leopoldina encaminhou a seguinte nota: <em>&#8220;A Prefeitura de Leopoldina, por meio da Secretaria de Educa\u00e7\u00e3o, lamenta o ocorrido e esclarece que a Guarda Civil Municipal registrou o Boletim de Ocorr\u00eancia e encaminhou o caso \u00e0 Delegacia de Pol\u00edcia. Nesta quinta-feira (28), a dire\u00e7\u00e3o da escola solicitou a presen\u00e7a da Guarda Municipal, que esteve na unidade para conversar com os alunos, levando informa\u00e7\u00f5es e orienta\u00e7\u00f5es com o objetivo de apaziguar a situa\u00e7\u00e3o e refor\u00e7ar a import\u00e2ncia do respeito m\u00fatuo no ambiente escolar. A Prefeitura de Leopoldina repudia qualquer forma de viol\u00eancia e reafirma seu compromisso com a seguran\u00e7a e o bem-estar dos estudantes. A administra\u00e7\u00e3o municipal atua preventivamente por meio da informa\u00e7\u00e3o e de a\u00e7\u00f5es educativas, inclusive com o apoio da Guarda Municipal, que desempenha papel fundamental no acompanhamento e prote\u00e7\u00e3o da comunidade escolar.\u201d<\/em><\/p>\n<p><strong>Por: Click Carangola<\/strong> | Com informa\u00e7\u00f5es da GCM e R\u00e1dio Muria\u00e9.<\/p>\n","protected":false},"excerpt":{"rendered":"<p>LEOPOLDINA &#8211; Um aluno, de uma escola municipal, da cidade de Leopoldina, foi v\u00edtima de amea\u00e7a e agress\u00e3o por parte de outro colega, nesta \u00faltima quarta-feira (27). Segundo o relato da crian\u00e7a, as agress\u00f5es acontecem ao longo de v\u00e1rios dias. Conforme divulgado pela Guarda Civil Municipal, a v\u00edtima de 13 anos \u00e9 aluno do 7\u00ba [&hellip;]<\/p>\n","protected":false},"author":2,"featured_media":51462,"comment_status":"open","ping_status":"open","sticky":false,"template":"","format":"standard","meta":{"footnotes":""},"categories":[1],"tags":[],"class_list":["post-51459","post","type-post","status-publish","format-standard","has-post-thumbnail","hentry","category-regional"],"_links":{"self":[{"href":"https:\/\/clickcarangola.com.br\/site\/wp-json\/wp\/v2\/posts\/51459","targetHints":{"allow":["GET"]}}],"collection":[{"href":"https:\/\/clickcarangola.com.br\/site\/wp-json\/wp\/v2\/posts"}],"about":[{"href":"https:\/\/clickcarangola.com.br\/site\/wp-json\/wp\/v2\/types\/post"}],"author":[{"embeddable":true,"href":"https:\/\/clickcarangola.com.br\/site\/wp-json\/wp\/v2\/users\/2"}],"replies":[{"embeddable":true,"href":"https:\/\/clickcarangola.com.br\/site\/wp-json\/wp\/v2\/comments?post=51459"}],"version-history":[{"count":6,"href":"https:\/\/clickcarangola.com.br\/site\/wp-json\/wp\/v2\/posts\/51459\/revisions"}],"predecessor-version":[{"id":51466,"href":"https:\/\/clickcarangola.com.br\/site\/wp-json\/wp\/v2\/posts\/51459\/revisions\/51466"}],"wp:featuredmedia":[{"embeddable":true,"href":"https:\/\/clickcarangola.com.br\/site\/wp-json\/wp\/v2\/media\/51462"}],"wp:attachment":[{"href":"https:\/\/clickcarangola.com.br\/site\/wp-json\/wp\/v2\/media?parent=51459"}],"wp:term":[{"taxonomy":"category","embeddable":true,"href":"https:\/\/clickcarangola.com.br\/site\/wp-json\/wp\/v2\/categories?post=51459"},{"taxonomy":"post_tag","embeddable":true,"href":"https:\/\/clickcarangola.com.br\/site\/wp-json\/wp\/v2\/tags?post=51459"}],"curies":[{"name":"wp","href":"https:\/\/api.w.org\/{rel}","templated":true}]}}