{"id":51505,"date":"2025-09-20T08:00:41","date_gmt":"2025-09-20T11:00:41","guid":{"rendered":"https:\/\/clickcarangola.com.br\/site\/?p=51505"},"modified":"2025-09-20T19:46:43","modified_gmt":"2025-09-20T22:46:43","slug":"idoso-de-73-anos-morre-apos-capotar-veiculo-na-mgc-120-causas-serao-apuradas","status":"publish","type":"post","link":"https:\/\/clickcarangola.com.br\/site\/20\/09\/2025\/idoso-de-73-anos-morre-apos-capotar-veiculo-na-mgc-120-causas-serao-apuradas\/","title":{"rendered":"Idoso de 73 anos morre ap\u00f3s capotar ve\u00edculo na MGC-120; causas ser\u00e3o apuradas"},"content":{"rendered":"<p><img loading=\"lazy\" decoding=\"async\" class=\"alignleft\" src=\"https:\/\/clickcarangola.com.br\/site\/wp-content\/uploads\/2025\/09\/Idoso-de-73-anos.png\" alt=\"\" width=\"300\" height=\"226\" \/><\/p>\n<p>LEOPOLDINA &#8211; Um idoso, de 73 anos, morreu, ap\u00f3s o ve\u00edculo em que estava capotar. O acidente, aconteceu no in\u00edcio da noite desta sexta-feira (19), na rodovia MGC-120, pr\u00f3ximo \u00e0 Pif Paf Alimentos, em Leopoldina.<\/p>\n<p>Segundo informa\u00e7\u00f5es, ap\u00f3s capotar, o carro bateu contra um muro e o condutor ficou preso \u00e0s ferragens. Equipes do SAMU 192 e do Corpo de Bombeiros (CB) &#8211; 193 foram acionadas.<!--more--><\/p>\n<p>Os militares retiraram o condutor do autom\u00f3vel, que rapidamente, recebeu atendimento m\u00e9dico. Ele foi encaminhado (em estado grave) ao Pronto Socorro da Casa de Caridade Leopoldinense, mas n\u00e3o resistiu aos ferimentos e morreu ap\u00f3s uma parada cardiorrespirat\u00f3ria.<\/p>\n<p>A per\u00edcia t\u00e9cnica da Pol\u00edcia Civil (PC) realizou os trabalhos de praxe e as causas do acidente ser\u00e3o investigadas.<\/p>\n<p><strong>Confira as imagens:<\/strong><\/p>\n<p><img loading=\"lazy\" decoding=\"async\" src=\"https:\/\/clickcarangola.com.br\/site\/wp-content\/uploads\/2025\/09\/Idoso-de-73-anos.png\" alt=\"\" width=\"400\" height=\"300\" \/><\/p>\n<p><strong>Por: Click Carangola<\/strong>\u00a0| Com informa\u00e7\u00f5es do CB, O Vigilante e R\u00e1dio Muria\u00e9.<\/p>\n","protected":false},"excerpt":{"rendered":"<p>LEOPOLDINA &#8211; Um idoso, de 73 anos, morreu, ap\u00f3s o ve\u00edculo em que estava capotar. O acidente, aconteceu no in\u00edcio da noite desta sexta-feira (19), na rodovia MGC-120, pr\u00f3ximo \u00e0 Pif Paf Alimentos, em Leopoldina. Segundo informa\u00e7\u00f5es, ap\u00f3s capotar, o carro bateu contra um muro e o condutor ficou preso \u00e0s ferragens. Equipes do SAMU [&hellip;]<\/p>\n","protected":false},"author":2,"featured_media":51509,"comment_status":"open","ping_status":"open","sticky":false,"template":"","format":"standard","meta":{"footnotes":""},"categories":[1],"tags":[],"class_list":["post-51505","post","type-post","status-publish","format-standard","has-post-thumbnail","hentry","category-regional"],"_links":{"self":[{"href":"https:\/\/clickcarangola.com.br\/site\/wp-json\/wp\/v2\/posts\/51505","targetHints":{"allow":["GET"]}}],"collection":[{"href":"https:\/\/clickcarangola.com.br\/site\/wp-json\/wp\/v2\/posts"}],"about":[{"href":"https:\/\/clickcarangola.com.br\/site\/wp-json\/wp\/v2\/types\/post"}],"author":[{"embeddable":true,"href":"https:\/\/clickcarangola.com.br\/site\/wp-json\/wp\/v2\/users\/2"}],"replies":[{"embeddable":true,"href":"https:\/\/clickcarangola.com.br\/site\/wp-json\/wp\/v2\/comments?post=51505"}],"version-history":[{"count":9,"href":"https:\/\/clickcarangola.com.br\/site\/wp-json\/wp\/v2\/posts\/51505\/revisions"}],"predecessor-version":[{"id":51515,"href":"https:\/\/clickcarangola.com.br\/site\/wp-json\/wp\/v2\/posts\/51505\/revisions\/51515"}],"wp:featuredmedia":[{"embeddable":true,"href":"https:\/\/clickcarangola.com.br\/site\/wp-json\/wp\/v2\/media\/51509"}],"wp:attachment":[{"href":"https:\/\/clickcarangola.com.br\/site\/wp-json\/wp\/v2\/media?parent=51505"}],"wp:term":[{"taxonomy":"category","embeddable":true,"href":"https:\/\/clickcarangola.com.br\/site\/wp-json\/wp\/v2\/categories?post=51505"},{"taxonomy":"post_tag","embeddable":true,"href":"https:\/\/clickcarangola.com.br\/site\/wp-json\/wp\/v2\/tags?post=51505"}],"curies":[{"name":"wp","href":"https:\/\/api.w.org\/{rel}","templated":true}]}}