{"id":51516,"date":"2025-09-22T08:00:53","date_gmt":"2025-09-22T11:00:53","guid":{"rendered":"https:\/\/clickcarangola.com.br\/site\/?p=51516"},"modified":"2025-09-22T12:41:34","modified_gmt":"2025-09-22T15:41:34","slug":"homem-de-51-morre-apos-cair-de-moto-um-cachorro-teria-ocasionado-a-queda","status":"publish","type":"post","link":"https:\/\/clickcarangola.com.br\/site\/22\/09\/2025\/homem-de-51-morre-apos-cair-de-moto-um-cachorro-teria-ocasionado-a-queda\/","title":{"rendered":"Homem de 51 morre ap\u00f3s cair de moto; um cachorro teria ocasionado a queda"},"content":{"rendered":"<p><img loading=\"lazy\" decoding=\"async\" class=\"alignleft\" src=\"https:\/\/clickcarangola.com.br\/site\/wp-content\/uploads\/2025\/09\/Homem-de-51-morre.png\" alt=\"\" width=\"300\" height=\"226\" \/>MIRA\u00cd &#8211; Na manh\u00e3 deste domingo (21\/09), um acidente de tr\u00e2nsito, resultou na morte de um motociclista, em Mira\u00ed-MG. O fato, ocorreu por volta das 06h, na Rua Jo\u00e3o Campos Portela, no Bairro S\u00e3o Sebasti\u00e3o.<\/p>\n<p>De acordo com informa\u00e7\u00f5es da Pol\u00edcia Militar (PM), a v\u00edtima, de 51 anos, conduzia uma motocicleta Yamaha YBR 125, quando um cachorro atravessou a via, ocasionando a queda.<!--more--><\/p>\n<p>O motociclista foi socorrido pelo SAMU 192 e levado ao Hospital de Mira\u00ed, mas j\u00e1 chegou \u00e0 unidade em parada cardiorrespirat\u00f3ria por broncoaspira\u00e7\u00e3o. Ele n\u00e3o resistiu aos ferimentos e veio a \u00f3bito.<\/p>\n<p>A per\u00edcia t\u00e9cnica da Pol\u00edcia Civil (PC) foi acionada e, ap\u00f3s os trabalhos de praxe, liberou o corpo para a funer\u00e1ria, que o encaminhou ao Instituto M\u00e9dico Legal (IML).<\/p>\n<p>Segundo a pol\u00edcia, a v\u00edtima possu\u00eda habilita\u00e7\u00e3o categoria A e a motocicleta estava devidamente registrada e licenciada.<\/p>\n<p><strong>Confira as imagens:<\/strong><\/p>\n<p><img loading=\"lazy\" decoding=\"async\" src=\"https:\/\/clickcarangola.com.br\/site\/wp-content\/uploads\/2025\/09\/Homem-de-51-morre.png\" alt=\"\" width=\"400\" height=\"300\" \/><\/p>\n<p><strong>Por: Click Carangola<\/strong> | Com informa\u00e7\u00f5es da PC, Marcelo Lopes e R\u00e1dio Muria\u00e9.<\/p>\n","protected":false},"excerpt":{"rendered":"<p>MIRA\u00cd &#8211; Na manh\u00e3 deste domingo (21\/09), um acidente de tr\u00e2nsito, resultou na morte de um motociclista, em Mira\u00ed-MG. O fato, ocorreu por volta das 06h, na Rua Jo\u00e3o Campos Portela, no Bairro S\u00e3o Sebasti\u00e3o. De acordo com informa\u00e7\u00f5es da Pol\u00edcia Militar (PM), a v\u00edtima, de 51 anos, conduzia uma motocicleta Yamaha YBR 125, quando [&hellip;]<\/p>\n","protected":false},"author":2,"featured_media":51521,"comment_status":"open","ping_status":"open","sticky":false,"template":"","format":"standard","meta":{"footnotes":""},"categories":[1],"tags":[],"class_list":["post-51516","post","type-post","status-publish","format-standard","has-post-thumbnail","hentry","category-regional"],"_links":{"self":[{"href":"https:\/\/clickcarangola.com.br\/site\/wp-json\/wp\/v2\/posts\/51516","targetHints":{"allow":["GET"]}}],"collection":[{"href":"https:\/\/clickcarangola.com.br\/site\/wp-json\/wp\/v2\/posts"}],"about":[{"href":"https:\/\/clickcarangola.com.br\/site\/wp-json\/wp\/v2\/types\/post"}],"author":[{"embeddable":true,"href":"https:\/\/clickcarangola.com.br\/site\/wp-json\/wp\/v2\/users\/2"}],"replies":[{"embeddable":true,"href":"https:\/\/clickcarangola.com.br\/site\/wp-json\/wp\/v2\/comments?post=51516"}],"version-history":[{"count":11,"href":"https:\/\/clickcarangola.com.br\/site\/wp-json\/wp\/v2\/posts\/51516\/revisions"}],"predecessor-version":[{"id":51528,"href":"https:\/\/clickcarangola.com.br\/site\/wp-json\/wp\/v2\/posts\/51516\/revisions\/51528"}],"wp:featuredmedia":[{"embeddable":true,"href":"https:\/\/clickcarangola.com.br\/site\/wp-json\/wp\/v2\/media\/51521"}],"wp:attachment":[{"href":"https:\/\/clickcarangola.com.br\/site\/wp-json\/wp\/v2\/media?parent=51516"}],"wp:term":[{"taxonomy":"category","embeddable":true,"href":"https:\/\/clickcarangola.com.br\/site\/wp-json\/wp\/v2\/categories?post=51516"},{"taxonomy":"post_tag","embeddable":true,"href":"https:\/\/clickcarangola.com.br\/site\/wp-json\/wp\/v2\/tags?post=51516"}],"curies":[{"name":"wp","href":"https:\/\/api.w.org\/{rel}","templated":true}]}}