{"id":51573,"date":"2025-09-28T08:00:34","date_gmt":"2025-09-28T11:00:34","guid":{"rendered":"https:\/\/clickcarangola.com.br\/site\/?p=51573"},"modified":"2025-09-28T20:03:37","modified_gmt":"2025-09-28T23:03:37","slug":"colisao-frontal-entre-carro-e-motocicleta-deixa-uma-pessoa-morta-na-br-116","status":"publish","type":"post","link":"https:\/\/clickcarangola.com.br\/site\/28\/09\/2025\/colisao-frontal-entre-carro-e-motocicleta-deixa-uma-pessoa-morta-na-br-116\/","title":{"rendered":"Colis\u00e3o frontal entre carro e motocicleta deixa uma pessoa morta na BR-116"},"content":{"rendered":"<p><img loading=\"lazy\" decoding=\"async\" class=\"alignleft\" src=\"https:\/\/clickcarangola.com.br\/site\/wp-content\/uploads\/2025\/09\/Colis\u00e3o-frontal-na-116.jpg\" alt=\"\" width=\"300\" height=\"226\" \/>LARANJAL &#8211; Na noite deste s\u00e1bado (27\/09), no km 733,3, da BR-116, em Laranjal, ocorreu uma colis\u00e3o frontal. O acidente, resultou em uma v\u00edtima, com graves les\u00f5es.<\/p>\n<p>O Jeep Compass, com placas de Muria\u00e9-MG, acessou a rodovia, vindo de uma estrada vicinal, e colidiu frontalmente, com a motocicleta Honda CG 150, que seguia no sentido Laranjal \/ Muria\u00e9.<!--more--><\/p>\n<p>O condutor da motocicleta, um homem, de 54 anos, morador de Laranjal-MG, foi socorrido no local, com grave ferimento na cabe\u00e7a e encaminhado ao Hospital Comunit\u00e1rio (HCLaranjal), para atendimento m\u00e9dico. O mesmo, n\u00e3o resistiu aos ferimentos e faleceu.<\/p>\n<p>A v\u00edtima, foi identificada como Elias Ferreira de Paula, de 54.<\/p>\n<p>O motorista do utilit\u00e1rio, que saiu ileso, alegou que teve a visibilidade prejudicada e que a motocicleta, trafegava com os far\u00f3is apagados. As causas do acidente est\u00e3o sendo apuradas.<\/p>\n<p><strong>Confira as imagens:<\/strong><\/p>\n<p><img loading=\"lazy\" decoding=\"async\" src=\"https:\/\/clickcarangola.com.br\/site\/wp-content\/uploads\/2025\/09\/Colis\u00e3o-frontal-na-116.jpg\" alt=\"\" width=\"400\" height=\"300\" \/><\/p>\n<p><strong>Por: Click Carangola<\/strong> | Com informa\u00e7\u00f5es da PC e R\u00e1dio Muria\u00e9.<\/p>\n","protected":false},"excerpt":{"rendered":"<p>LARANJAL &#8211; Na noite deste s\u00e1bado (27\/09), no km 733,3, da BR-116, em Laranjal, ocorreu uma colis\u00e3o frontal. O acidente, resultou em uma v\u00edtima, com graves les\u00f5es. O Jeep Compass, com placas de Muria\u00e9-MG, acessou a rodovia, vindo de uma estrada vicinal, e colidiu frontalmente, com a motocicleta Honda CG 150, que seguia no sentido [&hellip;]<\/p>\n","protected":false},"author":2,"featured_media":51574,"comment_status":"open","ping_status":"open","sticky":false,"template":"","format":"standard","meta":{"footnotes":""},"categories":[1],"tags":[],"class_list":["post-51573","post","type-post","status-publish","format-standard","has-post-thumbnail","hentry","category-regional"],"_links":{"self":[{"href":"https:\/\/clickcarangola.com.br\/site\/wp-json\/wp\/v2\/posts\/51573","targetHints":{"allow":["GET"]}}],"collection":[{"href":"https:\/\/clickcarangola.com.br\/site\/wp-json\/wp\/v2\/posts"}],"about":[{"href":"https:\/\/clickcarangola.com.br\/site\/wp-json\/wp\/v2\/types\/post"}],"author":[{"embeddable":true,"href":"https:\/\/clickcarangola.com.br\/site\/wp-json\/wp\/v2\/users\/2"}],"replies":[{"embeddable":true,"href":"https:\/\/clickcarangola.com.br\/site\/wp-json\/wp\/v2\/comments?post=51573"}],"version-history":[{"count":5,"href":"https:\/\/clickcarangola.com.br\/site\/wp-json\/wp\/v2\/posts\/51573\/revisions"}],"predecessor-version":[{"id":51579,"href":"https:\/\/clickcarangola.com.br\/site\/wp-json\/wp\/v2\/posts\/51573\/revisions\/51579"}],"wp:featuredmedia":[{"embeddable":true,"href":"https:\/\/clickcarangola.com.br\/site\/wp-json\/wp\/v2\/media\/51574"}],"wp:attachment":[{"href":"https:\/\/clickcarangola.com.br\/site\/wp-json\/wp\/v2\/media?parent=51573"}],"wp:term":[{"taxonomy":"category","embeddable":true,"href":"https:\/\/clickcarangola.com.br\/site\/wp-json\/wp\/v2\/categories?post=51573"},{"taxonomy":"post_tag","embeddable":true,"href":"https:\/\/clickcarangola.com.br\/site\/wp-json\/wp\/v2\/tags?post=51573"}],"curies":[{"name":"wp","href":"https:\/\/api.w.org\/{rel}","templated":true}]}}