{"id":51589,"date":"2025-10-09T15:00:02","date_gmt":"2025-10-09T18:00:02","guid":{"rendered":"https:\/\/clickcarangola.com.br\/site\/?p=51589"},"modified":"2025-10-09T19:18:26","modified_gmt":"2025-10-09T22:18:26","slug":"colisao-entre-carro-e-van-deixa-seis-feridos-na-br-356-causas-serao-apuradas","status":"publish","type":"post","link":"https:\/\/clickcarangola.com.br\/site\/09\/10\/2025\/colisao-entre-carro-e-van-deixa-seis-feridos-na-br-356-causas-serao-apuradas\/","title":{"rendered":"Colis\u00e3o entre carro e van deixa seis feridos na BR-356; causas ser\u00e3o apuradas"},"content":{"rendered":"<p><img loading=\"lazy\" decoding=\"async\" class=\"alignleft\" src=\"https:\/\/clickcarangola.com.br\/site\/wp-content\/uploads\/2025\/10\/356-01.jpg\" alt=\"\" width=\"300\" height=\"226\" \/>MURIA\u00c9 &#8211; Um grav\u00edssimo acidente, foi registrado, no in\u00edcio da tarde desta quinta-feira (09), na BR-356, na altura da conhecida &#8220;Reta de Vermelho&#8221;.<\/p>\n<p data-start=\"83\" data-end=\"219\">Um carro, modelo Corsa, com placas, de Ros\u00e1rio da Limeira, colidiu de frente, com uma van da Prefeitura de Muria\u00e9.<!--more--><\/p>\n<p data-start=\"83\" data-end=\"219\">No ve\u00edculo de passeio, estavam quatro ocupantes, sendo tr\u00eas adultos e uma crian\u00e7a, enquanto na van, haviam duas pessoas.<\/p>\n<p data-start=\"83\" data-end=\"219\">Com o impacto, o motorista do Corsa ficou preso \u00e0s ferragens e precisou ser resgatado pelo Corpo de Bombeiros (CB) &#8211; 193. Todas as v\u00edtimas, foram socorridas por equipes do SAMU 192 e dos bombeiros e encaminhadas para atendimento no Hospital S\u00e3o Paulo (HSP).<\/p>\n<p data-start=\"83\" data-end=\"219\">As causas do acidente, ainda ser\u00e3o apuradas.<\/p>\n<p data-start=\"83\" data-end=\"219\"><strong>Confira as imagens:<\/strong><\/p>\n<p><img loading=\"lazy\" decoding=\"async\" src=\"https:\/\/clickcarangola.com.br\/site\/wp-content\/uploads\/2025\/10\/356-01.jpg\" alt=\"\" width=\"400\" height=\"300\" \/><br \/>\n<img loading=\"lazy\" decoding=\"async\" src=\"https:\/\/clickcarangola.com.br\/site\/wp-content\/uploads\/2025\/10\/356-02.jpg\" alt=\"\" width=\"400\" height=\"300\" \/><br \/>\n<img loading=\"lazy\" decoding=\"async\" src=\"https:\/\/clickcarangola.com.br\/site\/wp-content\/uploads\/2025\/10\/356-03.jpg\" alt=\"\" width=\"400\" height=\"300\" \/><br \/>\n<img loading=\"lazy\" decoding=\"async\" src=\"https:\/\/clickcarangola.com.br\/site\/wp-content\/uploads\/2025\/10\/356-04.jpg\" alt=\"\" width=\"400\" height=\"300\" \/><br \/>\n<img loading=\"lazy\" decoding=\"async\" src=\"https:\/\/clickcarangola.com.br\/site\/wp-content\/uploads\/2025\/10\/356-05.jpg\" alt=\"\" width=\"400\" height=\"300\" \/><br \/>\n<img loading=\"lazy\" decoding=\"async\" src=\"https:\/\/clickcarangola.com.br\/site\/wp-content\/uploads\/2025\/10\/356-06.jpg\" alt=\"\" width=\"400\" height=\"300\" \/><br \/>\n<img loading=\"lazy\" decoding=\"async\" src=\"https:\/\/clickcarangola.com.br\/site\/wp-content\/uploads\/2025\/10\/356-07.jpg\" alt=\"\" width=\"400\" height=\"300\" \/><br \/>\n<img loading=\"lazy\" decoding=\"async\" src=\"https:\/\/clickcarangola.com.br\/site\/wp-content\/uploads\/2025\/10\/356-08.jpg\" alt=\"\" width=\"400\" height=\"300\" \/><br \/>\n<img loading=\"lazy\" decoding=\"async\" src=\"https:\/\/clickcarangola.com.br\/site\/wp-content\/uploads\/2025\/10\/356-09.jpg\" alt=\"\" width=\"400\" height=\"300\" \/><br \/>\n<img loading=\"lazy\" decoding=\"async\" src=\"https:\/\/clickcarangola.com.br\/site\/wp-content\/uploads\/2025\/10\/356-10.jpg\" alt=\"\" width=\"400\" height=\"300\" \/><br \/>\n<img loading=\"lazy\" decoding=\"async\" src=\"https:\/\/clickcarangola.com.br\/site\/wp-content\/uploads\/2025\/10\/356-11.jpg\" alt=\"\" width=\"400\" height=\"300\" \/><\/p>\n<p data-start=\"83\" data-end=\"219\"><strong>Por: Click Carangola<\/strong> | Com informa\u00e7\u00f5es do CB e R\u00e1dio Muria\u00e9.<\/p>\n","protected":false},"excerpt":{"rendered":"<p>MURIA\u00c9 &#8211; Um grav\u00edssimo acidente, foi registrado, no in\u00edcio da tarde desta quinta-feira (09), na BR-356, na altura da conhecida &#8220;Reta de Vermelho&#8221;. Um carro, modelo Corsa, com placas, de Ros\u00e1rio da Limeira, colidiu de frente, com uma van da Prefeitura de Muria\u00e9.<\/p>\n","protected":false},"author":2,"featured_media":51591,"comment_status":"open","ping_status":"open","sticky":false,"template":"","format":"standard","meta":{"footnotes":""},"categories":[1],"tags":[],"class_list":["post-51589","post","type-post","status-publish","format-standard","has-post-thumbnail","hentry","category-regional"],"_links":{"self":[{"href":"https:\/\/clickcarangola.com.br\/site\/wp-json\/wp\/v2\/posts\/51589","targetHints":{"allow":["GET"]}}],"collection":[{"href":"https:\/\/clickcarangola.com.br\/site\/wp-json\/wp\/v2\/posts"}],"about":[{"href":"https:\/\/clickcarangola.com.br\/site\/wp-json\/wp\/v2\/types\/post"}],"author":[{"embeddable":true,"href":"https:\/\/clickcarangola.com.br\/site\/wp-json\/wp\/v2\/users\/2"}],"replies":[{"embeddable":true,"href":"https:\/\/clickcarangola.com.br\/site\/wp-json\/wp\/v2\/comments?post=51589"}],"version-history":[{"count":6,"href":"https:\/\/clickcarangola.com.br\/site\/wp-json\/wp\/v2\/posts\/51589\/revisions"}],"predecessor-version":[{"id":51606,"href":"https:\/\/clickcarangola.com.br\/site\/wp-json\/wp\/v2\/posts\/51589\/revisions\/51606"}],"wp:featuredmedia":[{"embeddable":true,"href":"https:\/\/clickcarangola.com.br\/site\/wp-json\/wp\/v2\/media\/51591"}],"wp:attachment":[{"href":"https:\/\/clickcarangola.com.br\/site\/wp-json\/wp\/v2\/media?parent=51589"}],"wp:term":[{"taxonomy":"category","embeddable":true,"href":"https:\/\/clickcarangola.com.br\/site\/wp-json\/wp\/v2\/categories?post=51589"},{"taxonomy":"post_tag","embeddable":true,"href":"https:\/\/clickcarangola.com.br\/site\/wp-json\/wp\/v2\/tags?post=51589"}],"curies":[{"name":"wp","href":"https:\/\/api.w.org\/{rel}","templated":true}]}}