{"id":51677,"date":"2025-12-14T17:00:28","date_gmt":"2025-12-14T20:00:28","guid":{"rendered":"https:\/\/clickcarangola.com.br\/site\/?p=51677"},"modified":"2025-12-17T11:47:47","modified_gmt":"2025-12-17T14:47:47","slug":"condutor-morre-apos-bater-de-frente-com-carreta-na-br-356","status":"publish","type":"post","link":"https:\/\/clickcarangola.com.br\/site\/14\/12\/2025\/condutor-morre-apos-bater-de-frente-com-carreta-na-br-356\/","title":{"rendered":"Condutor morre ap\u00f3s bater de frente com carreta na BR-356"},"content":{"rendered":"<p><a href=\"https:\/\/clickcarangola.com.br\/site\/wp-content\/uploads\/2025\/12\/Condutor-morre-01.jpeg\"><img loading=\"lazy\" decoding=\"async\" class=\"alignleft size-full wp-image-51678\" src=\"https:\/\/clickcarangola.com.br\/site\/wp-content\/uploads\/2025\/12\/Condutor-morre-01.jpeg\" alt=\"\" width=\"300\" height=\"226\" \/><\/a>PATROC\u00cdNIO DO MURIA\u00c9 &#8211; Um homem, identificado como Marcio Nunes de Oliveira, morreu na tarde deste domingo (14), na BR-356, pr\u00f3ximo ao trevo, de Patroc\u00ednio do Muria\u00e9.<\/p>\n<p>O ve\u00edculo Focus, teria invadido a contram\u00e3o, atingindo a carreta, que seguia no sentido Muria\u00e9.<!--more--><\/p>\n<p>Uma pessoa, que estava no carona do carro, foi socorrida pelo SAMU 192 ao Hospital S\u00e3o Paulo (HSP), com ferimentos.<\/p>\n<p>Chovia, no momento do acidente, o que pode ter contribu\u00eddo para a colis\u00e3o.<\/p>\n<p>Militares do Corpo de Bombeiros (CB) &#8211; 193 foram acionados e quando chegaram no local, retiraram o corpo de Marcio, que estava preso \u00e0s ferragens.<\/p>\n<p>A Pol\u00edcia Rodovi\u00e1ria Federal (PRF) esteve na cena do acidente e registrou a ocorr\u00eancia.<\/p>\n<p>O corpo da v\u00edtima, foi encaminhado ao Instituto M\u00e9dico Legal (IML).<\/p>\n<p><strong>Confira as imagens:<\/strong><\/p>\n<p><img loading=\"lazy\" decoding=\"async\" src=\"https:\/\/clickcarangola.com.br\/site\/wp-content\/uploads\/2025\/12\/Condutor-morre-01.jpeg\" alt=\"\" width=\"400\" height=\"300\" \/><br \/><img loading=\"lazy\" decoding=\"async\" src=\"https:\/\/clickcarangola.com.br\/site\/wp-content\/uploads\/2025\/12\/Condutor-morre-02.jpeg\" alt=\"\" width=\"400\" height=\"300\" \/><br \/><img loading=\"lazy\" decoding=\"async\" src=\"https:\/\/clickcarangola.com.br\/site\/wp-content\/uploads\/2025\/12\/Condutor-morre-03.jpeg\" alt=\"\" width=\"400\" height=\"300\" \/><br \/><img loading=\"lazy\" decoding=\"async\" src=\"https:\/\/clickcarangola.com.br\/site\/wp-content\/uploads\/2025\/12\/Condutor-morre-04.jpeg\" alt=\"\" width=\"400\" height=\"300\" \/><br \/><img loading=\"lazy\" decoding=\"async\" src=\"https:\/\/clickcarangola.com.br\/site\/wp-content\/uploads\/2025\/12\/Condutor-morre-05.jpeg\" alt=\"\" width=\"400\" height=\"300\" \/><br \/><img loading=\"lazy\" decoding=\"async\" src=\"https:\/\/clickcarangola.com.br\/site\/wp-content\/uploads\/2025\/12\/Condutor-morre-06.jpeg\" alt=\"\" width=\"400\" height=\"300\" \/><br \/><img loading=\"lazy\" decoding=\"async\" src=\"https:\/\/clickcarangola.com.br\/site\/wp-content\/uploads\/2025\/12\/Condutor-morre-07.jpeg\" alt=\"\" width=\"400\" height=\"226\" \/><\/p>\n<p><strong>Por: Click Carangola<\/strong> | Com informa\u00e7\u00f5es da PRF e R\u00e1dio Muria\u00e9.<\/p>\n\n\n<p><\/p>\n","protected":false},"excerpt":{"rendered":"<p>PATROC\u00cdNIO DO MURIA\u00c9 &#8211; Um homem, identificado como Marcio Nunes de Oliveira, morreu na tarde deste domingo (14), na BR-356, pr\u00f3ximo ao trevo, de Patroc\u00ednio do Muria\u00e9. O ve\u00edculo Focus, teria invadido a contram\u00e3o, atingindo a carreta, que seguia no sentido Muria\u00e9.<\/p>\n","protected":false},"author":2,"featured_media":51678,"comment_status":"open","ping_status":"open","sticky":false,"template":"","format":"standard","meta":{"footnotes":""},"categories":[1],"tags":[],"class_list":["post-51677","post","type-post","status-publish","format-standard","has-post-thumbnail","hentry","category-regional"],"_links":{"self":[{"href":"https:\/\/clickcarangola.com.br\/site\/wp-json\/wp\/v2\/posts\/51677","targetHints":{"allow":["GET"]}}],"collection":[{"href":"https:\/\/clickcarangola.com.br\/site\/wp-json\/wp\/v2\/posts"}],"about":[{"href":"https:\/\/clickcarangola.com.br\/site\/wp-json\/wp\/v2\/types\/post"}],"author":[{"embeddable":true,"href":"https:\/\/clickcarangola.com.br\/site\/wp-json\/wp\/v2\/users\/2"}],"replies":[{"embeddable":true,"href":"https:\/\/clickcarangola.com.br\/site\/wp-json\/wp\/v2\/comments?post=51677"}],"version-history":[{"count":2,"href":"https:\/\/clickcarangola.com.br\/site\/wp-json\/wp\/v2\/posts\/51677\/revisions"}],"predecessor-version":[{"id":51688,"href":"https:\/\/clickcarangola.com.br\/site\/wp-json\/wp\/v2\/posts\/51677\/revisions\/51688"}],"wp:featuredmedia":[{"embeddable":true,"href":"https:\/\/clickcarangola.com.br\/site\/wp-json\/wp\/v2\/media\/51678"}],"wp:attachment":[{"href":"https:\/\/clickcarangola.com.br\/site\/wp-json\/wp\/v2\/media?parent=51677"}],"wp:term":[{"taxonomy":"category","embeddable":true,"href":"https:\/\/clickcarangola.com.br\/site\/wp-json\/wp\/v2\/categories?post=51677"},{"taxonomy":"post_tag","embeddable":true,"href":"https:\/\/clickcarangola.com.br\/site\/wp-json\/wp\/v2\/tags?post=51677"}],"curies":[{"name":"wp","href":"https:\/\/api.w.org\/{rel}","templated":true}]}}